{"id":172538,"date":"2020-11-06T16:15:25","date_gmt":"2020-11-06T19:15:25","guid":{"rendered":"https:\/\/diarioregionaldigital.com.br\/?p=172538"},"modified":"2020-11-06T16:15:25","modified_gmt":"2020-11-06T19:15:25","slug":"policia-civil-fala-sobre-as-investigacoes-de-tres-casos-de-homicidio","status":"publish","type":"post","link":"https:\/\/diarioregionaldigital.com.br\/?p=172538","title":{"rendered":"Pol\u00edcia Civil fala sobre as investiga\u00e7\u00f5es de tr\u00eas casos de homic\u00eddio"},"content":{"rendered":"<p><span style=\"font-weight: 400;\">A Pol\u00edcia Civil de Minas Gerais (PCMG), deu explica\u00e7\u00f5es em coletiva realizada na manh\u00e3 desta sexta-feira (6), sobre as investiga\u00e7\u00f5es referentes a tr\u00eas casos de homic\u00eddios, ocorridos\u00a0 entre julho e novembro deste ano, em Juiz de Fora. As apura\u00e7\u00f5es, que foram feitas pela Delegacia Especializada de Homic\u00eddios, resultou na pris\u00e3o de tr\u00eas pessoas at\u00e9 ent\u00e3o.<\/span><\/p>\n<p><span style=\"font-weight: 400;\">O primeiro caso detalhado, ocorreu em julho no Bairro Jardim Esperan\u00e7a (Regi\u00e3o Norte), onde dois homens trajando m\u00e1scaras e armados com arma de fogo, entraram em uma \u00e1rea que d\u00e1 acesso a uma oficina e uma lanchonete local. Em um determinado momento, os autores efetuaram diversos disparos de arma de fogo, sendo que uma v\u00edtima de 42 anos, veio a \u00f3bito. O Delegado Rodrigo Rolli, deu mais detalhes sobre o ocorrido:<\/span><\/p>\n<p><span style=\"font-weight: 400;\">\u201cFoi um triplo homic\u00eddio \u2013 um consumado e dois tentados \u2013 em desfavor de membros da mesma fam\u00edlia. Eles se encontravam dentro de uma lanchonete, na manh\u00e3 do dia 3 de julho, por volta das 9h, conversando com um advogado, momento em que entraram no local dois executores que efetuaram disparos em dire\u00e7\u00e3o \u00e0 v\u00edtima, que morreu, e aos demais presentes\u201d, disse.<\/span><\/p>\n<p><span style=\"font-weight: 400;\">A autoridade policial diz que no mesmo dia, foram feitos trabalhos investigativos. Atrav\u00e9s de imagens das c\u00e2meras de seguran\u00e7a, foi poss\u00edvel identificar os suspeitos, bem como um terceiro indiv\u00edduo que teria participado do crime ao conduzir o ve\u00edculo que teria auxiliado na fuga, \u201cE eles foram devidamente reconhecidos\u201d, ressaltou, complementando que tamb\u00e9m foi identificado o suspeito de ser o mandante do crime.<\/span><\/p>\n<p><span style=\"font-weight: 400;\">Rodrigo relata que a motiva\u00e7\u00e3o, seria por conta do tr\u00e1fico de drogas e tamb\u00e9m fala sobre os envolvidos no ato criminoso, \u201cQuatro suspeitos foram identificados, entre eles, tr\u00eas executores e um mandante, que j\u00e1 est\u00e3o com pris\u00f5es preventivas decretadas pela Vara do Tribunal do J\u00fari. Mandados j\u00e1 foram cumpridos em desfavor de tr\u00eas deles e um indiv\u00edduo se encontra foragido\u201d, contou, explicando que as apura\u00e7\u00f5es indicam que um dos investigados presos, de 30 anos, j\u00e1 seria alvo de outras investiga\u00e7\u00f5es na delegacia. \u201cEra o n\u00famero um de procurados por parte desta Especializada, pois \u00e9 suspeito de ser o autor de quatro homic\u00eddios ocorridos neste ano. Tr\u00eas desses casos, inclusive, j\u00e1 foram finalizados e h\u00e1 pedidos de pris\u00e3o em desfavor dele. Ele seria respons\u00e1vel por quase 10% dos homic\u00eddios consumados ocorridos na cidade neste ano\u201d, informou.<\/span><\/p>\n<p><b>Ocorr\u00eancia<\/b><b> no Bairro Nossa Senhora Aparecida<\/b><\/p>\n<p><span style=\"font-weight: 400;\">O segundo caso detalhado pela PCMG, \u00e9 referente ao assassinato de um homem de 42 anos. O crime ocorreu no dia 22 de outubro e de acordo com o boletim de ocorr\u00eancia da Pol\u00edcia Militar (PM), um jovem de 21 anos, entrou em um im\u00f3vel, arrombou a porta e de posse de uma arma de fogo, semelhante a um rev\u00f3lver, afirmava que o homem teria pegado seu aparelho celular, e que ele o queria de volta.\u00a0<\/span><\/p>\n<p><span style=\"font-weight: 400;\">Logo em seguida, o suspeito passou o n\u00famero e ordenou que o rapaz fizesse a liga\u00e7\u00e3o. No entanto, o telefone n\u00e3o tocou e a v\u00edtima passou a ser agredida com coronhadas e chutes. Em ato cont\u00ednuo, o infrator efetuou dois disparos sendo que o primeiro falhou e o segundo tiro atingiu a cabe\u00e7a do rapaz.<\/span><\/p>\n<p><span style=\"font-weight: 400;\">Conforme o Delegado, o jovem teria perdido o celular, quando estava pilotando uma motocicleta, na regi\u00e3o. Ele chegou a refazer o trajeto para tentar achar o objeto e acabou encontrando a capa do celular na cal\u00e7ada da casa da v\u00edtima. Como citado anteriormente, o homem negou estar com o aparelho assim como seus familiares. Posteriormente, o investigado teria retornado ao local:<\/span><\/p>\n<p><span style=\"font-weight: 400;\">\u201cNovamente foi negado pela v\u00edtima e por seus familiares. Ele teria retornado ao local com a arma de fogo e exigido o aparelho\u201d, contou, explicando que a v\u00edtima chegou at\u00e9 a oferecer seu pr\u00f3prio celular para o investigado. \u201cTestemunhas informaram que, em momento algum, a v\u00edtima tentou reagir ou agredir o autor. O inqu\u00e9rito policial ser\u00e1 remetido ao Poder Judici\u00e1rio na pr\u00f3xima semana, com o indiciamento do jovem por homic\u00eddio duplamente qualificado\u201d, diz a autoridade policial, frisando que arma de fogo utilizada no homic\u00eddio, foi encontrada em um matagal.\u00a0<\/span><\/p>\n<p><b>Mulher morta em cavalgada na Regi\u00e3o Norte<\/b><\/p>\n<p><span style=\"font-weight: 400;\">Na noite de domingo (1), uma mulher de 33 anos, foi morta por disparos de arma de fogo, durante uma cavalgada no Distrito de Valadares (Regi\u00e3o Norte). A v\u00edtima estava presente em um campo de futebol, junto com seu marido de 27 anos.\u00a0<\/span><\/p>\n<p><span style=\"font-weight: 400;\">Em um determinado momento, um indiv\u00edduo, de 23 anos, que estaria no local, se aproximou e efetuou disparos em dire\u00e7\u00e3o ao aglomerado de pessoas, acertando as respectivas v\u00edtimas. A mulher foi atingida no peito e morreu no local. J\u00e1 o rapaz teve ferimento no t\u00f3rax e encaminhado ao HPS. O suspeito fugiu em um carro.<\/span><\/p>\n<p><span style=\"font-weight: 400;\">Rodrigo conclui dizendo que o autor do crime \u201cse encontra foragido. O inqu\u00e9rito policial ser\u00e1 remetido \u00e0 Justi\u00e7a, solicitando a pris\u00e3o preventiva desse investigado\u201d.<\/span><\/p>\n","protected":false},"excerpt":{"rendered":"<p>A Pol\u00edcia Civil de Minas Gerais (PCMG), deu explica\u00e7\u00f5es em coletiva realizada na manh\u00e3 desta sexta-feira (6), sobre as investiga\u00e7\u00f5es referentes a tr\u00eas casos de homic\u00eddios, ocorridos\u00a0 entre julho e novembro deste ano, em Juiz de Fora. As apura\u00e7\u00f5es, que foram feitas pela Delegacia Especializada de Homic\u00eddios, resultou na pris\u00e3o de tr\u00eas pessoas at\u00e9 ent\u00e3o. [&hellip;]<\/p>\n","protected":false},"author":96,"featured_media":172539,"comment_status":"closed","ping_status":"closed","sticky":false,"template":"","format":"standard","meta":{"footnotes":""},"categories":[301,436,440,439],"tags":[],"class_list":["post-172538","post","type-post","status-publish","format-standard","has-post-thumbnail","hentry","category-artigos-policiais","category-destaque-da-semana","category-destaques-do-dia","category-ultima-hora"],"_links":{"self":[{"href":"https:\/\/diarioregionaldigital.com.br\/index.php?rest_route=\/wp\/v2\/posts\/172538","targetHints":{"allow":["GET"]}}],"collection":[{"href":"https:\/\/diarioregionaldigital.com.br\/index.php?rest_route=\/wp\/v2\/posts"}],"about":[{"href":"https:\/\/diarioregionaldigital.com.br\/index.php?rest_route=\/wp\/v2\/types\/post"}],"author":[{"embeddable":true,"href":"https:\/\/diarioregionaldigital.com.br\/index.php?rest_route=\/wp\/v2\/users\/96"}],"replies":[{"embeddable":true,"href":"https:\/\/diarioregionaldigital.com.br\/index.php?rest_route=%2Fwp%2Fv2%2Fcomments&post=172538"}],"version-history":[{"count":0,"href":"https:\/\/diarioregionaldigital.com.br\/index.php?rest_route=\/wp\/v2\/posts\/172538\/revisions"}],"wp:featuredmedia":[{"embeddable":true,"href":"https:\/\/diarioregionaldigital.com.br\/index.php?rest_route=\/wp\/v2\/media\/172539"}],"wp:attachment":[{"href":"https:\/\/diarioregionaldigital.com.br\/index.php?rest_route=%2Fwp%2Fv2%2Fmedia&parent=172538"}],"wp:term":[{"taxonomy":"category","embeddable":true,"href":"https:\/\/diarioregionaldigital.com.br\/index.php?rest_route=%2Fwp%2Fv2%2Fcategories&post=172538"},{"taxonomy":"post_tag","embeddable":true,"href":"https:\/\/diarioregionaldigital.com.br\/index.php?rest_route=%2Fwp%2Fv2%2Ftags&post=172538"}],"curies":[{"name":"wp","href":"https:\/\/api.w.org\/{rel}","templated":true}]}}