{"id":172534,"date":"2020-11-06T15:24:57","date_gmt":"2020-11-06T18:24:57","guid":{"rendered":"https:\/\/diarioregionaldigital.com.br\/?p=172534"},"modified":"2020-11-06T15:24:57","modified_gmt":"2020-11-06T18:24:57","slug":"mayra-aguiar-mudou-o-meu-caminho-mas-o-destino-segue-o-mesmo-e-toquio","status":"publish","type":"post","link":"https:\/\/diarioregionaldigital.com.br\/?p=172534","title":{"rendered":"Mayra Aguiar: &#8220;Mudou o meu caminho, mas o destino segue o mesmo. \u00c9 T\u00f3quio&#8221;"},"content":{"rendered":"<p><span style=\"font-weight: 400;\">Mayra Aguiar reprogramou a rota, estabeleceu novas metas, mas manteve o foco no destino: T\u00f3quio. O obst\u00e1culo da vez a ser superado pela bicampe\u00e3 mundial e duas vezes medalhista ol\u00edmpica \u00e9 uma les\u00e3o no joelho, reparada por meio de cirurgia, em setembro. Dif\u00edcil, mas n\u00e3o imposs\u00edvel, sobretudo para quem j\u00e1 passou por isso outras sete vezes e deu a volta por cima em todas.<\/span><\/p>\n<p><span style=\"font-weight: 400;\">Em processo de recupera\u00e7\u00e3o, a ga\u00facha se pronunciou nesta quinta-feira, 05.11, pela primeira vez, demonstrando for\u00e7a e confian\u00e7a em sua reabilita\u00e7\u00e3o a tempo de lutar os Jogos Ol\u00edmpicos de T\u00f3quio adiados para 2021.<\/span><\/p>\n<p><span style=\"font-weight: 400;\">&#8220;Nunca fui de me entregar. Nunca desisti. E n\u00e3o vai ser agora que isso vai acontecer. J\u00e1 enfrentei sete cirurgias e v\u00e1rias les\u00f5es, al\u00e9m de dificuldades normais que todas as pessoas passam, e jamais deixei de perseguir meus objetivos. Agora, a meta \u00e9 estar nos Jogos Ol\u00edmpicos de T\u00f3quio e sei que l\u00e1 estarei, mais uma vez representando as cores do Brasil e da Sogipa\u201d, projeta a atleta, integrante da categoria P\u00f3dio, a principal do Bolsa Atleta, programa de patroc\u00ednio individual da Secretaria Especial do Esporte do Minist\u00e9rio da Cidadania.\u00a0<\/span><\/p>\n<p><span style=\"font-weight: 400;\">Em 2014, quando conquistou seu primeiro t\u00edtulo mundial, em Cheliabinsk, na R\u00fassia, Mayra viveu situa\u00e7\u00e3o semelhante \u00e0 que encara agora. Machucou-se em 2013 e teve apenas uma competi\u00e7\u00e3o para se testar antes do Mundial que a consagrou melhor do mundo em 2014.<\/span><\/p>\n<p><b>Confira abaixo a nota de Mayra Aguiar na \u00edntegra:<\/b><\/p>\n<p><span style=\"font-weight: 400;\">&#8220;Nunca fui de me entregar. Nunca desisti. E n\u00e3o vai ser agora que isso vai acontecer. J\u00e1 enfrentei sete cirurgias e v\u00e1rias les\u00f5es, al\u00e9m de dificuldades normais que todas as pessoas passam, e jamais deixei de perseguir os meus objetivos. Agora, minha meta \u00e9 estar nos Jogos Ol\u00edmpicos de T\u00f3quio e sei que l\u00e1 estarei, mais uma vez representando as cores do Brasil e da Sogipa.<\/span><\/p>\n<p><span style=\"font-weight: 400;\">Sofri, em setembro, uma les\u00e3o no joelho e me submeti a uma cirurgia. O processo de recupera\u00e7\u00e3o come\u00e7ou em seguida. Neste momento, caminha muito bem. Me sinto fortalecida e motivada. A evolu\u00e7\u00e3o \u00e9 vis\u00edvel dia a dia. A resili\u00eancia faz parte da minha vida e sempre tive muita tranquilidade em me adaptar e fazer o melhor com aquilo que eu tenho em cada momento.<\/span><\/p>\n<p><span style=\"font-weight: 400;\">Al\u00e9m da confian\u00e7a em mim mesma e naqueles que me cercam e da tranquilidade que adquiri ao longo de tantos anos como atleta, tenho a experi\u00eancia de j\u00e1 ter vivido processo semelhante. Sou forte e sempre enfrentei os meus problemas trabalhando duro e silenciosamente. Em 2013, passei por duas cirurgias e, apenas alguns meses depois, conquistei a medalha de ouro no Campeonato Mundial em Cheliabinsk.<\/span><\/p>\n<p><span style=\"font-weight: 400;\">A recupera\u00e7\u00e3o est\u00e1 indo muito bem. Os m\u00e9dicos, os fisioterapeutas e os preparadores f\u00edsicos est\u00e3o satisfeitos com o progresso. J\u00e1 estou suando bastante e fortalecendo a parte f\u00edsica. Em janeiro, volto a colocar o quimono e, em mar\u00e7o ou abril, j\u00e1 devo competir.<\/span><\/p>\n<p><span style=\"font-weight: 400;\">Ou seja, mudou o meu caminho, mas o destino segue o mesmo. \u00c9 T\u00f3quio.&#8221;<\/span><\/p>\n<p><strong>Fonte:<\/strong> CBJ<\/p>\n","protected":false},"excerpt":{"rendered":"<p>Mayra Aguiar reprogramou a rota, estabeleceu novas metas, mas manteve o foco no destino: T\u00f3quio. O obst\u00e1culo da vez a ser superado pela bicampe\u00e3 mundial e duas vezes medalhista ol\u00edmpica \u00e9 uma les\u00e3o no joelho, reparada por meio de cirurgia, em setembro. Dif\u00edcil, mas n\u00e3o imposs\u00edvel, sobretudo para quem j\u00e1 passou por isso outras sete [&hellip;]<\/p>\n","protected":false},"author":96,"featured_media":172535,"comment_status":"closed","ping_status":"closed","sticky":false,"template":"","format":"standard","meta":{"footnotes":""},"categories":[436,257,439],"tags":[],"class_list":["post-172534","post","type-post","status-publish","format-standard","has-post-thumbnail","hentry","category-destaque-da-semana","category-esporte","category-ultima-hora"],"_links":{"self":[{"href":"https:\/\/diarioregionaldigital.com.br\/index.php?rest_route=\/wp\/v2\/posts\/172534","targetHints":{"allow":["GET"]}}],"collection":[{"href":"https:\/\/diarioregionaldigital.com.br\/index.php?rest_route=\/wp\/v2\/posts"}],"about":[{"href":"https:\/\/diarioregionaldigital.com.br\/index.php?rest_route=\/wp\/v2\/types\/post"}],"author":[{"embeddable":true,"href":"https:\/\/diarioregionaldigital.com.br\/index.php?rest_route=\/wp\/v2\/users\/96"}],"replies":[{"embeddable":true,"href":"https:\/\/diarioregionaldigital.com.br\/index.php?rest_route=%2Fwp%2Fv2%2Fcomments&post=172534"}],"version-history":[{"count":0,"href":"https:\/\/diarioregionaldigital.com.br\/index.php?rest_route=\/wp\/v2\/posts\/172534\/revisions"}],"wp:featuredmedia":[{"embeddable":true,"href":"https:\/\/diarioregionaldigital.com.br\/index.php?rest_route=\/wp\/v2\/media\/172535"}],"wp:attachment":[{"href":"https:\/\/diarioregionaldigital.com.br\/index.php?rest_route=%2Fwp%2Fv2%2Fmedia&parent=172534"}],"wp:term":[{"taxonomy":"category","embeddable":true,"href":"https:\/\/diarioregionaldigital.com.br\/index.php?rest_route=%2Fwp%2Fv2%2Fcategories&post=172534"},{"taxonomy":"post_tag","embeddable":true,"href":"https:\/\/diarioregionaldigital.com.br\/index.php?rest_route=%2Fwp%2Fv2%2Ftags&post=172534"}],"curies":[{"name":"wp","href":"https:\/\/api.w.org\/{rel}","templated":true}]}}