{"id":172531,"date":"2020-11-06T15:15:49","date_gmt":"2020-11-06T18:15:49","guid":{"rendered":"https:\/\/diarioregionaldigital.com.br\/?p=172531"},"modified":"2020-11-06T15:15:49","modified_gmt":"2020-11-06T18:15:49","slug":"pjf-alerta-para-golpe","status":"publish","type":"post","link":"https:\/\/diarioregionaldigital.com.br\/?p=172531","title":{"rendered":"PJF alerta para golpe"},"content":{"rendered":"<p>A Prefeitura de Juiz de Fora (PJF) informa que \u00e9 falsa a mensagem que circula em redes sociais anunciando a chamada \u201c1\u00aa parcela do aux\u00edlio natalino 2020\u201d, prometendo o recebimento de benef\u00edcio no valor de R$ 125. O falso cadastro sugere que a quantia seria paga por diversos \u00f3rg\u00e3os, inclusive a \u201cprefeitura municipal\u201d, sem identificar de qual cidade. Informando o CEP, a pessoa \u00e9 direcionada a uma p\u00e1gina que pede o compartilhamento da mensagem pelo aplicativo WhatsApp.<\/p>\n<p>A Prefeitura de Juiz de Fora refor\u00e7a que n\u00e3o est\u00e1 realizando nenhum cadastro natalino e orienta que o cidad\u00e3o, ao receber tal mensagem, n\u00e3o acesse o link, tampouco forne\u00e7a dados pessoais. A not\u00edcia falsa tamb\u00e9m est\u00e1 sendo enviada a servidores municipais, para os quais a orienta\u00e7\u00e3o \u00e9 a mesma. A PJF esclarece que qualquer cadastro \u00e9 realizado exclusivamente atrav\u00e9s dos setores respons\u00e1veis, seja para servidores ou cidad\u00e3os em geral, e mediante ampla divulga\u00e7\u00e3o atrav\u00e9s dos canais de comunica\u00e7\u00e3o oficiais.<\/p>\n<p><strong>Fonte:\u00a0<\/strong>Assessoria<\/p>\n","protected":false},"excerpt":{"rendered":"<p>A Prefeitura de Juiz de Fora (PJF) informa que \u00e9 falsa a mensagem que circula em redes sociais anunciando a chamada \u201c1\u00aa parcela do aux\u00edlio natalino 2020\u201d, prometendo o recebimento de benef\u00edcio no valor de R$ 125. O falso cadastro sugere que a quantia seria paga por diversos \u00f3rg\u00e3os, inclusive a \u201cprefeitura municipal\u201d, sem identificar [&hellip;]<\/p>\n","protected":false},"author":96,"featured_media":172532,"comment_status":"closed","ping_status":"closed","sticky":false,"template":"","format":"standard","meta":{"footnotes":""},"categories":[253,436,439],"tags":[],"class_list":["post-172531","post","type-post","status-publish","format-standard","has-post-thumbnail","hentry","category-cidade","category-destaque-da-semana","category-ultima-hora"],"_links":{"self":[{"href":"https:\/\/diarioregionaldigital.com.br\/index.php?rest_route=\/wp\/v2\/posts\/172531","targetHints":{"allow":["GET"]}}],"collection":[{"href":"https:\/\/diarioregionaldigital.com.br\/index.php?rest_route=\/wp\/v2\/posts"}],"about":[{"href":"https:\/\/diarioregionaldigital.com.br\/index.php?rest_route=\/wp\/v2\/types\/post"}],"author":[{"embeddable":true,"href":"https:\/\/diarioregionaldigital.com.br\/index.php?rest_route=\/wp\/v2\/users\/96"}],"replies":[{"embeddable":true,"href":"https:\/\/diarioregionaldigital.com.br\/index.php?rest_route=%2Fwp%2Fv2%2Fcomments&post=172531"}],"version-history":[{"count":0,"href":"https:\/\/diarioregionaldigital.com.br\/index.php?rest_route=\/wp\/v2\/posts\/172531\/revisions"}],"wp:featuredmedia":[{"embeddable":true,"href":"https:\/\/diarioregionaldigital.com.br\/index.php?rest_route=\/wp\/v2\/media\/172532"}],"wp:attachment":[{"href":"https:\/\/diarioregionaldigital.com.br\/index.php?rest_route=%2Fwp%2Fv2%2Fmedia&parent=172531"}],"wp:term":[{"taxonomy":"category","embeddable":true,"href":"https:\/\/diarioregionaldigital.com.br\/index.php?rest_route=%2Fwp%2Fv2%2Fcategories&post=172531"},{"taxonomy":"post_tag","embeddable":true,"href":"https:\/\/diarioregionaldigital.com.br\/index.php?rest_route=%2Fwp%2Fv2%2Ftags&post=172531"}],"curies":[{"name":"wp","href":"https:\/\/api.w.org\/{rel}","templated":true}]}}