{"id":172528,"date":"2020-11-06T15:08:05","date_gmt":"2020-11-06T18:08:05","guid":{"rendered":"https:\/\/diarioregionaldigital.com.br\/?p=172528"},"modified":"2020-11-06T15:08:05","modified_gmt":"2020-11-06T18:08:05","slug":"atacante-pedro-e-convocado-para-os-proximos-jogos-da-selecao-brasileira-neymar-permanece-convocado","status":"publish","type":"post","link":"https:\/\/diarioregionaldigital.com.br\/?p=172528","title":{"rendered":"Atacante Pedro \u00e9 convocado para os pr\u00f3ximos jogos da Sele\u00e7\u00e3o Brasileira; Neymar permanece convocado"},"content":{"rendered":"<p><span style=\"font-weight: 400;\">A listagem com os jogadores convocados pelo t\u00e9cnico Tite, para os dois pr\u00f3ximos compromissos da Sele\u00e7\u00e3o Brasileira, pelas Eliminat\u00f3rias da Copa do Mundo Catar 2022, teve mais uma novidade e trata-se do atacante Pedro, do Flamengo. O Brasil enfrenta a Venezuela, no Morumbi, em S\u00e3o Paulo, e o Uruguai, no Centen\u00e1rio, em Montevid\u00e9u, nos dias 14 e 17 deste m\u00eas.<\/span><\/p>\n<p><span style=\"font-weight: 400;\">Vivendo \u00f3tima fase pelo rubro-negro, o jovem jogador, tem 20 gols marcados em 36 jogos na atual temporada, sendo 12 deles nos \u00faltimos 14 jogos. Ele virou op\u00e7\u00e3o para substituir o atacante Neymar, que teve les\u00e3o confirmada no adutor da coxa esquerda e n\u00e3o ter\u00e1 condi\u00e7\u00f5es de jogo contra os venezuelanos. Entretanto, a comiss\u00e3o t\u00e9cnica planeja contar com o jogador para o duelo diante do Uruguai.<\/span><\/p>\n<p><span style=\"font-weight: 400;\">Junto com o tamb\u00e9m rubro-negro Bruno Henrique, Pedro etava na lista de suplentes de Tite, desde o dia 18 de setembro. Como previsto em regulamento da FIFA, o Flamengo deve liberar seu jogador, com 15 dias de anteced\u00eancia da apresenta\u00e7\u00e3o para a convoca\u00e7\u00e3o. Ap\u00f3s esse prazo, as sele\u00e7\u00f5es precisam negociar a libera\u00e7\u00e3o com os clubes.<\/span><\/p>\n<p><b>Situa\u00e7\u00e3o de Neymar<\/b><\/p>\n<p><span style=\"font-weight: 400;\">Como citado anteriormente, Neymar teve les\u00e3o detectada e segue como d\u00favida para os pr\u00f3ximos jogos do Brasil. De acordo com o m\u00e9dico Rodrigo Lasmar, a comiss\u00e3o t\u00e9cnica espera poder contar com o jogador no cl\u00e1ssico contra o Uruguai:<\/span><\/p>\n<p><span style=\"font-weight: 400;\">&#8220;Tenho contato frequente com o m\u00e9dico do PSG e sabemos das condi\u00e7\u00f5es f\u00edsicas do Neymar desde o dia de sua les\u00e3o na Champions. Acreditamos que com uma semana intensiva de tratamento e com a estrutura do Centro de Excel\u00eancia na Granja Comary temos a possibilidade de recupera\u00e7\u00e3o para o segundo jogo. Vamos acompanhar de perto sua evolu\u00e7\u00e3o&#8221;.<\/span><\/p>\n<p><span style=\"font-weight: 400;\">Na quinta-feira (5) o coordenador da Sele\u00e7\u00e3o Brasileira, Juninho Paulista, o t\u00e9cnico Tite e o preparador f\u00edsico F\u00e1bio Mahseredjian entraram em contato com o ex-jogador Leonardo, hoje diretor esportivo do Paris Saint-Germain:<\/span><\/p>\n<p><span style=\"font-weight: 400;\">&#8220;Entendemos que para essa situa\u00e7\u00e3o precis\u00e1vamos alinhar com o PSG a perman\u00eancia do Neymar na lista de convocados. Sabemos da preocupa\u00e7\u00e3o do clube com a les\u00e3o, mas manifestamos nossa inten\u00e7\u00e3o de avaliar de perto a evolu\u00e7\u00e3o do jogador. Confiamos muito em um trabalho integrado com nosso departamento m\u00e9dico e o Tite foi enf\u00e1tico em dizer para o Leonardo que jamais arriscaria a sa\u00fade de qualquer atleta por ele convocado&#8221;, explicou Juninho.<\/span><\/p>\n<p><span style=\"font-weight: 400;\">Em dois jogos disputados at\u00e9 ent\u00e3o, a Amarelinha obteve duas vit\u00f3rias, 5\u00d70 sobre a Bol\u00edvia na NeoQu\u00edmica Arena e 4\u00d72 de virada sobre o Peru na capital Lima. No momento o time lidera com 100% de aproveitamento, seguido pela Argentina, que tamb\u00e9m ganhou duas partidas, 1\u00d70 sobre o Equador em Buenos Aires e 2\u00d71 sobre a Bol\u00edvia em La Paz.<\/span><\/p>\n<p><b>Tabela de Jogos:<\/b><\/p>\n<p><b>3\u00aa RODADA:<\/b><\/p>\n<p><b>12\/11<\/b><\/p>\n<p><span style=\"font-weight: 400;\">Bol\u00edvia x Equador \u2013 La Paz (16h00)<\/span><\/p>\n<p><span style=\"font-weight: 400;\">Argentina x Paraguai \u2013 Buenos Aires (21h00)<\/span><\/p>\n<p><b>13\/11<\/b><\/p>\n<p><span style=\"font-weight: 400;\">Chile x Peru \u2013 Santiago (20h00)<\/span><\/p>\n<p><span style=\"font-weight: 400;\">Col\u00f4mbia x Uruguai \u2013 Barranquilla (15h30)<\/span><\/p>\n<p><b>Brasil<\/b><span style=\"font-weight: 400;\"> x Venezuela \u2013 S\u00e3o Paulo (21h30)<\/span><\/p>\n<p><b>4\u00aa RODADA<\/b><\/p>\n<p><b>17\/11<\/b><\/p>\n<p><span style=\"font-weight: 400;\">Equador x Col\u00f4mbia \u2013 Quito (16h00)<\/span><\/p>\n<p><span style=\"font-weight: 400;\">Uruguai x <\/span><b>Brasil<\/b><span style=\"font-weight: 400;\"> \u2013 Montevideo (20h00)<\/span><\/p>\n<p><span style=\"font-weight: 400;\">Peru x Argentina \u2013 Lima (19h30)<\/span><\/p>\n<p><span style=\"font-weight: 400;\">Venezuela x Chile \u2013 Caracas (17h00)<\/span><\/p>\n<p><span style=\"font-weight: 400;\">Paraguai x Bol\u00edvia \u2013 Assun\u00e7\u00e3o (20h00)<\/span><\/p>\n<p>&nbsp;<\/p>\n","protected":false},"excerpt":{"rendered":"<p>A listagem com os jogadores convocados pelo t\u00e9cnico Tite, para os dois pr\u00f3ximos compromissos da Sele\u00e7\u00e3o Brasileira, pelas Eliminat\u00f3rias da Copa do Mundo Catar 2022, teve mais uma novidade e trata-se do atacante Pedro, do Flamengo. O Brasil enfrenta a Venezuela, no Morumbi, em S\u00e3o Paulo, e o Uruguai, no Centen\u00e1rio, em Montevid\u00e9u, nos dias [&hellip;]<\/p>\n","protected":false},"author":96,"featured_media":172529,"comment_status":"closed","ping_status":"closed","sticky":false,"template":"","format":"standard","meta":{"footnotes":""},"categories":[436,257,439],"tags":[],"class_list":["post-172528","post","type-post","status-publish","format-standard","has-post-thumbnail","hentry","category-destaque-da-semana","category-esporte","category-ultima-hora"],"_links":{"self":[{"href":"https:\/\/diarioregionaldigital.com.br\/index.php?rest_route=\/wp\/v2\/posts\/172528","targetHints":{"allow":["GET"]}}],"collection":[{"href":"https:\/\/diarioregionaldigital.com.br\/index.php?rest_route=\/wp\/v2\/posts"}],"about":[{"href":"https:\/\/diarioregionaldigital.com.br\/index.php?rest_route=\/wp\/v2\/types\/post"}],"author":[{"embeddable":true,"href":"https:\/\/diarioregionaldigital.com.br\/index.php?rest_route=\/wp\/v2\/users\/96"}],"replies":[{"embeddable":true,"href":"https:\/\/diarioregionaldigital.com.br\/index.php?rest_route=%2Fwp%2Fv2%2Fcomments&post=172528"}],"version-history":[{"count":0,"href":"https:\/\/diarioregionaldigital.com.br\/index.php?rest_route=\/wp\/v2\/posts\/172528\/revisions"}],"wp:featuredmedia":[{"embeddable":true,"href":"https:\/\/diarioregionaldigital.com.br\/index.php?rest_route=\/wp\/v2\/media\/172529"}],"wp:attachment":[{"href":"https:\/\/diarioregionaldigital.com.br\/index.php?rest_route=%2Fwp%2Fv2%2Fmedia&parent=172528"}],"wp:term":[{"taxonomy":"category","embeddable":true,"href":"https:\/\/diarioregionaldigital.com.br\/index.php?rest_route=%2Fwp%2Fv2%2Fcategories&post=172528"},{"taxonomy":"post_tag","embeddable":true,"href":"https:\/\/diarioregionaldigital.com.br\/index.php?rest_route=%2Fwp%2Fv2%2Ftags&post=172528"}],"curies":[{"name":"wp","href":"https:\/\/api.w.org\/{rel}","templated":true}]}}