{"id":172525,"date":"2020-11-06T14:43:48","date_gmt":"2020-11-06T17:43:48","guid":{"rendered":"https:\/\/diarioregionaldigital.com.br\/?p=172525"},"modified":"2020-11-06T14:43:48","modified_gmt":"2020-11-06T17:43:48","slug":"cbf-sorteia-confrontos-das-quartas-de-final-da-copa-do-brasil-flamengo-enfrenta-o-sao-paulo","status":"publish","type":"post","link":"https:\/\/diarioregionaldigital.com.br\/?p=172525","title":{"rendered":"CBF sorteia confrontos das quartas de final da Copa do Brasil; Flamengo enfrenta o S\u00e3o Paulo"},"content":{"rendered":"<p><span style=\"font-weight: 400;\">A Confedera\u00e7\u00e3o Brasileira de Futebol (CBF), realizou em sua sede oficial no Rio de Janeiro, o sorteio que definiu os confrontos das quartas de final da Copa do Brasil. Os jogos est\u00e3o previstos para os dias 11 e 18 deste m\u00eas.\u00a0<\/span><\/p>\n<p><span style=\"font-weight: 400;\">Ao todo, oito times est\u00e3o garantidos nesta fase: Am\u00e9rica-MG, Cear\u00e1, Cuiab\u00e1, Flamengo, Internacional, Gr\u00eamio, Palmeiras e S\u00e3o Paulo. Quem avan\u00e7ar para as semifinais, receber\u00e1 premia\u00e7\u00e3o no valor de R$ 7 milh\u00f5es. Confira abaixo os confrontos sorteados:<\/span><\/p>\n<p><span style=\"font-weight: 400;\">Flamengo x S\u00e3o Paulo (ida no Rio de Janeiro \/ volta em S\u00e3o Paulo)<\/span><\/p>\n<p><span style=\"font-weight: 400;\">Cuiab\u00e1 x Gr\u00eamio (ida em Cuiab\u00e1 \/ volta em Porto Alegre)<\/span><\/p>\n<p><span style=\"font-weight: 400;\">Internacional x Am\u00e9rica-MG (ida em Porto Alegre \/ volta em Belo Horizonte)<\/span><\/p>\n<p><span style=\"font-weight: 400;\">Palmeiras x Cear\u00e1\u00a0 (ida em S\u00e3o Paulo \/ volta em Fortaleza)<\/span><\/p>\n<p><b>Confrontos nas semifinais<\/b><\/p>\n<p><span style=\"font-weight: 400;\">O ganhador do cl\u00e1ssico entre Flamengo x S\u00e3o Paulo, enfrentar\u00e1 o vencedor de Cuiab\u00e1 x Gr\u00eamio. J\u00e1 o ganhador de Internacional x Am\u00e9rica-MG, jogar\u00e1 contra o vencedor de Palmeiras x Cear\u00e1. <\/span><\/p>\n","protected":false},"excerpt":{"rendered":"<p>A Confedera\u00e7\u00e3o Brasileira de Futebol (CBF), realizou em sua sede oficial no Rio de Janeiro, o sorteio que definiu os confrontos das quartas de final da Copa do Brasil. Os jogos est\u00e3o previstos para os dias 11 e 18 deste m\u00eas.\u00a0 Ao todo, oito times est\u00e3o garantidos nesta fase: Am\u00e9rica-MG, Cear\u00e1, Cuiab\u00e1, Flamengo, Internacional, Gr\u00eamio, [&hellip;]<\/p>\n","protected":false},"author":96,"featured_media":172526,"comment_status":"closed","ping_status":"closed","sticky":false,"template":"","format":"standard","meta":{"footnotes":""},"categories":[436,257,439],"tags":[],"class_list":["post-172525","post","type-post","status-publish","format-standard","has-post-thumbnail","hentry","category-destaque-da-semana","category-esporte","category-ultima-hora"],"_links":{"self":[{"href":"https:\/\/diarioregionaldigital.com.br\/index.php?rest_route=\/wp\/v2\/posts\/172525","targetHints":{"allow":["GET"]}}],"collection":[{"href":"https:\/\/diarioregionaldigital.com.br\/index.php?rest_route=\/wp\/v2\/posts"}],"about":[{"href":"https:\/\/diarioregionaldigital.com.br\/index.php?rest_route=\/wp\/v2\/types\/post"}],"author":[{"embeddable":true,"href":"https:\/\/diarioregionaldigital.com.br\/index.php?rest_route=\/wp\/v2\/users\/96"}],"replies":[{"embeddable":true,"href":"https:\/\/diarioregionaldigital.com.br\/index.php?rest_route=%2Fwp%2Fv2%2Fcomments&post=172525"}],"version-history":[{"count":0,"href":"https:\/\/diarioregionaldigital.com.br\/index.php?rest_route=\/wp\/v2\/posts\/172525\/revisions"}],"wp:featuredmedia":[{"embeddable":true,"href":"https:\/\/diarioregionaldigital.com.br\/index.php?rest_route=\/wp\/v2\/media\/172526"}],"wp:attachment":[{"href":"https:\/\/diarioregionaldigital.com.br\/index.php?rest_route=%2Fwp%2Fv2%2Fmedia&parent=172525"}],"wp:term":[{"taxonomy":"category","embeddable":true,"href":"https:\/\/diarioregionaldigital.com.br\/index.php?rest_route=%2Fwp%2Fv2%2Fcategories&post=172525"},{"taxonomy":"post_tag","embeddable":true,"href":"https:\/\/diarioregionaldigital.com.br\/index.php?rest_route=%2Fwp%2Fv2%2Ftags&post=172525"}],"curies":[{"name":"wp","href":"https:\/\/api.w.org\/{rel}","templated":true}]}}