{"id":172517,"date":"2020-11-06T14:15:58","date_gmt":"2020-11-06T17:15:58","guid":{"rendered":"https:\/\/diarioregionaldigital.com.br\/?p=172517"},"modified":"2020-11-06T14:15:58","modified_gmt":"2020-11-06T17:15:58","slug":"governo-de-minas-promove-capacitacao-sobre-o-programa-garantia-safra","status":"publish","type":"post","link":"https:\/\/diarioregionaldigital.com.br\/?p=172517","title":{"rendered":"Governo de Minas promove capacita\u00e7\u00e3o sobre o programa Garantia-Safra"},"content":{"rendered":"<p><span style=\"font-weight: 400;\">A Secretaria de Agricultura, Pecu\u00e1ria e Abastecimento (Seapa) e sua vinculada,Empresa de Assist\u00eancia T\u00e9cnica e Extens\u00e3o Rural de Minas Gerais (Emater-MG) realizaram mais uma etapa de capacita\u00e7\u00e3o sobre o programa Garantia-Safra 2020\/2021. O treinamento virtual foi conduzido pelo coordenador-geral operacional do Garantia-Safra do Minist\u00e9rio da Agricultura, Jos\u00e9 Carlos Ara\u00fajo Merc\u00eas J\u00fanior, e contou com a presen\u00e7a de mais de cem pessoas na quinta-feira (5).<\/span><\/p>\n<p><span style=\"font-weight: 400;\">O Garantia-Safra \u00e9 uma a\u00e7\u00e3o federal, que tem a ades\u00e3o do Governo de Minas, para a concess\u00e3o de benef\u00edcio financeiro, no valor anual de R$ 850. O total \u00e9 dividido em cinco parcelas aos agricultores familiares que vivem na \u00e1rea de atua\u00e7\u00e3o da Superintend\u00eancia do Desenvolvimento do Nordeste (Sudene), em caso de perda da safra devido \u00e0 estiagem ou excesso de chuvas. Em Minas Gerais, a regi\u00e3o semi\u00e1rida abrange 168 munic\u00edpios do Norte do estado, onde os produtores sofrem perdas sistem\u00e1ticas em fun\u00e7\u00e3o das dificuldades clim\u00e1ticas.<\/span><\/p>\n<p><span style=\"font-weight: 400;\">Na pr\u00e1tica, Uni\u00e3o, estados e munic\u00edpios, al\u00e9m do pr\u00f3prio agricultor, pagam uma quota-parte para que, no caso de perda de safra, o trabalhador seja reembolsado e possa ter o risco social reduzido. O Governo de Minas manteve o compromisso, assinando o novo Termo de Ades\u00e3o ao Fundo Garantia-Safra 2020\/2021, demonstrando comprometimento com a situa\u00e7\u00e3o de agricultores que sofrem com as perdas no campo, al\u00e9m de possibilitar a integra\u00e7\u00e3o com as demais pol\u00edticas pensadas para o semi\u00e1rido.<\/span><\/p>\n<p><b>Renda m\u00ednima<\/b><\/p>\n<p><span style=\"font-weight: 400;\">Segundo o subsecret\u00e1rio de Agricultura Familiar e Desenvolvimento Rural Sustent\u00e1vel da Seapa, Ricardo Demichelli, o programa \u00e9 fundamental para garantir renda m\u00ednima aos agricultores familiares que se encontram em situa\u00e7\u00e3o de vulnerabilidade nos momentos de perda da safra. \u201cA regi\u00e3o Norte do estado enfrentou uma situa\u00e7\u00e3o de quase dez anos subsequentes de seca grave, cujas consequ\u00eancias est\u00e3o sendo sentidas at\u00e9 hoje. O produtor tem que ser precavido, o seguro \u00e9 importante e desempenha um papel social fundamental na regi\u00e3o\u201d, avalia.<\/span><\/p>\n<p><span style=\"font-weight: 400;\">Essa \u00e9 a segunda capacita\u00e7\u00e3o que a Seapa e a Emater-MG promovem sobre o programa. No ano passado, o treinamento abordou a avalia\u00e7\u00e3o das perdas de safra. Na quinta-feira foi discutido o processo de homologa\u00e7\u00e3o dos produtores aptos a fazerem parte do programa por cumprir os requisitos necess\u00e1rios para a sele\u00e7\u00e3o. Outro assunto abordado foi o procedimento de gera\u00e7\u00e3o de boletos para pagamento do benef\u00edcio.<\/span><\/p>\n<p><span style=\"font-weight: 400;\">Na avalia\u00e7\u00e3o da diretora da Agricultura Familiar da Seapa, Fabr\u00edcia Ferraz, a capacita\u00e7\u00e3o \u00e9 fundamental para tirar d\u00favidas das equipes que atuam diretamente com o cadastro dos produtores e aprimorar o processo, assegurando que o benef\u00edcio chegue a todos que tenham direito.<\/span><\/p>\n<p><b>Safra 2020\/2021<\/b><\/p>\n<p><span style=\"font-weight: 400;\">Produtores e munic\u00edpios t\u00eam at\u00e9 ter\u00e7a-feira (10\/11) para fazerem a ades\u00e3o para a safra 2020\/2021. O valor investido pelo governo, no per\u00edodo, \u00e9 multiplicado pelo n\u00famero de produtores que aderem ao programa. At\u00e9 o momento, est\u00e3o inscritos 98 munic\u00edpios e 36.716 produtores. Como o prazo para ades\u00e3o ainda est\u00e1 aberto, esse n\u00famero tende a crescer. Para efeito de compara\u00e7\u00e3o, na safra passada foram inscritos 29,8 mil produtores.<\/span><\/p>\n<p><b>Participa\u00e7\u00e3o<\/b><\/p>\n<p><span style=\"font-weight: 400;\">Podem se habilitar ao Garantia-Safra os produtores que possuem Declara\u00e7\u00e3o de Aptid\u00e3o ao Pronaf (DAP), renda familiar mensal de, no m\u00e1ximo, 1,5 sal\u00e1rio m\u00ednimo e que plantam at\u00e9 cinco hectares de feij\u00e3o, milho, arroz, mandioca e algod\u00e3o. O benef\u00edcio passa a ser pago quando o munic\u00edpio comprova a perda de, pelo menos, metade da produ\u00e7\u00e3o.<\/span><\/p>\n<p><strong>Fonte:<\/strong> Ag\u00eancia Minas<\/p>\n","protected":false},"excerpt":{"rendered":"<p>A Secretaria de Agricultura, Pecu\u00e1ria e Abastecimento (Seapa) e sua vinculada,Empresa de Assist\u00eancia T\u00e9cnica e Extens\u00e3o Rural de Minas Gerais (Emater-MG) realizaram mais uma etapa de capacita\u00e7\u00e3o sobre o programa Garantia-Safra 2020\/2021. O treinamento virtual foi conduzido pelo coordenador-geral operacional do Garantia-Safra do Minist\u00e9rio da Agricultura, Jos\u00e9 Carlos Ara\u00fajo Merc\u00eas J\u00fanior, e contou com a [&hellip;]<\/p>\n","protected":false},"author":96,"featured_media":172518,"comment_status":"closed","ping_status":"closed","sticky":false,"template":"","format":"standard","meta":{"footnotes":""},"categories":[436,261,439],"tags":[],"class_list":["post-172517","post","type-post","status-publish","format-standard","has-post-thumbnail","hentry","category-destaque-da-semana","category-economia","category-ultima-hora"],"_links":{"self":[{"href":"https:\/\/diarioregionaldigital.com.br\/index.php?rest_route=\/wp\/v2\/posts\/172517","targetHints":{"allow":["GET"]}}],"collection":[{"href":"https:\/\/diarioregionaldigital.com.br\/index.php?rest_route=\/wp\/v2\/posts"}],"about":[{"href":"https:\/\/diarioregionaldigital.com.br\/index.php?rest_route=\/wp\/v2\/types\/post"}],"author":[{"embeddable":true,"href":"https:\/\/diarioregionaldigital.com.br\/index.php?rest_route=\/wp\/v2\/users\/96"}],"replies":[{"embeddable":true,"href":"https:\/\/diarioregionaldigital.com.br\/index.php?rest_route=%2Fwp%2Fv2%2Fcomments&post=172517"}],"version-history":[{"count":0,"href":"https:\/\/diarioregionaldigital.com.br\/index.php?rest_route=\/wp\/v2\/posts\/172517\/revisions"}],"wp:featuredmedia":[{"embeddable":true,"href":"https:\/\/diarioregionaldigital.com.br\/index.php?rest_route=\/wp\/v2\/media\/172518"}],"wp:attachment":[{"href":"https:\/\/diarioregionaldigital.com.br\/index.php?rest_route=%2Fwp%2Fv2%2Fmedia&parent=172517"}],"wp:term":[{"taxonomy":"category","embeddable":true,"href":"https:\/\/diarioregionaldigital.com.br\/index.php?rest_route=%2Fwp%2Fv2%2Fcategories&post=172517"},{"taxonomy":"post_tag","embeddable":true,"href":"https:\/\/diarioregionaldigital.com.br\/index.php?rest_route=%2Fwp%2Fv2%2Ftags&post=172517"}],"curies":[{"name":"wp","href":"https:\/\/api.w.org\/{rel}","templated":true}]}}