{"id":172514,"date":"2020-11-06T14:10:17","date_gmt":"2020-11-06T17:10:17","guid":{"rendered":"https:\/\/diarioregionaldigital.com.br\/?p=172514"},"modified":"2020-11-06T14:10:17","modified_gmt":"2020-11-06T17:10:17","slug":"homem-e-preso-apos-tentativa-de-assalto-na-avenida-brasil","status":"publish","type":"post","link":"https:\/\/diarioregionaldigital.com.br\/?p=172514","title":{"rendered":"Homem \u00e9 preso, ap\u00f3s tentativa de assalto na Avenida Brasil"},"content":{"rendered":"<p>Durante patrulhamento realizado na noite de quinta-feira (5) pela Avenida Brasil, a Pol\u00edcia Militar (PM), se deparou com uma adolescente de 17 e uma jovem de 19 anos, que relataram estarem sendo seguidas por um homem de 49 anos. Em um determinado momento, este tentou pegar o aparelho celular de uma das v\u00edtimas, por\u00e9m sem \u00eaxito. O rapaz insatisfeito com a rea\u00e7\u00e3o da v\u00edtima, desferiu um soco no rosto da adolescente.<\/p>\n<p>Ap\u00f3s rastreamentos pelo local, a guarni\u00e7\u00e3o encontrou o indiv\u00edduo que confessou os fatos. Ele relata ainda que momentos antes havia tentado furtar objetos de uma drogaria, mas foi contido pelos funcion\u00e1rios do estabelecimento. Mediante os fatos o autor foi preso em flagrante delito e conduzido \u00e0 presen\u00e7a da autoridade de pol\u00edcia judici\u00e1ria.<\/p>\n","protected":false},"excerpt":{"rendered":"<p>Durante patrulhamento realizado na noite de quinta-feira (5) pela Avenida Brasil, a Pol\u00edcia Militar (PM), se deparou com uma adolescente de 17 e uma jovem de 19 anos, que relataram estarem sendo seguidas por um homem de 49 anos. Em um determinado momento, este tentou pegar o aparelho celular de uma das v\u00edtimas, por\u00e9m sem [&hellip;]<\/p>\n","protected":false},"author":96,"featured_media":172515,"comment_status":"closed","ping_status":"closed","sticky":false,"template":"","format":"standard","meta":{"footnotes":""},"categories":[301,436,439],"tags":[],"class_list":["post-172514","post","type-post","status-publish","format-standard","has-post-thumbnail","hentry","category-artigos-policiais","category-destaque-da-semana","category-ultima-hora"],"_links":{"self":[{"href":"https:\/\/diarioregionaldigital.com.br\/index.php?rest_route=\/wp\/v2\/posts\/172514","targetHints":{"allow":["GET"]}}],"collection":[{"href":"https:\/\/diarioregionaldigital.com.br\/index.php?rest_route=\/wp\/v2\/posts"}],"about":[{"href":"https:\/\/diarioregionaldigital.com.br\/index.php?rest_route=\/wp\/v2\/types\/post"}],"author":[{"embeddable":true,"href":"https:\/\/diarioregionaldigital.com.br\/index.php?rest_route=\/wp\/v2\/users\/96"}],"replies":[{"embeddable":true,"href":"https:\/\/diarioregionaldigital.com.br\/index.php?rest_route=%2Fwp%2Fv2%2Fcomments&post=172514"}],"version-history":[{"count":0,"href":"https:\/\/diarioregionaldigital.com.br\/index.php?rest_route=\/wp\/v2\/posts\/172514\/revisions"}],"wp:featuredmedia":[{"embeddable":true,"href":"https:\/\/diarioregionaldigital.com.br\/index.php?rest_route=\/wp\/v2\/media\/172515"}],"wp:attachment":[{"href":"https:\/\/diarioregionaldigital.com.br\/index.php?rest_route=%2Fwp%2Fv2%2Fmedia&parent=172514"}],"wp:term":[{"taxonomy":"category","embeddable":true,"href":"https:\/\/diarioregionaldigital.com.br\/index.php?rest_route=%2Fwp%2Fv2%2Fcategories&post=172514"},{"taxonomy":"post_tag","embeddable":true,"href":"https:\/\/diarioregionaldigital.com.br\/index.php?rest_route=%2Fwp%2Fv2%2Ftags&post=172514"}],"curies":[{"name":"wp","href":"https:\/\/api.w.org\/{rel}","templated":true}]}}