{"id":172508,"date":"2020-11-06T13:48:08","date_gmt":"2020-11-06T16:48:08","guid":{"rendered":"https:\/\/diarioregionaldigital.com.br\/?p=172508"},"modified":"2020-11-06T13:48:08","modified_gmt":"2020-11-06T16:48:08","slug":"demlurb-encerra-inscricoes-para-processo-seletivo-na-segunda","status":"publish","type":"post","link":"https:\/\/diarioregionaldigital.com.br\/?p=172508","title":{"rendered":"Demlurb encerra inscri\u00e7\u00f5es para processo seletivo na segunda"},"content":{"rendered":"<p><span style=\"font-weight: 400;\">Termina na pr\u00f3xima segunda-feira (9), o prazo para inscri\u00e7\u00e3o no processo seletivo de contrata\u00e7\u00e3o tempor\u00e1ria do Departamento Municipal de Limpeza Urbana (Demlurb) da Prefeitura de Juiz de Fora (PJF). Lan\u00e7ado com base no artigo 194 e seguintes da Lei 8.710\/1955, o edital foi modificado para contrata\u00e7\u00e3o tempor\u00e1ria nos cargos de motorista de ve\u00edculo pesado, operador de m\u00e1quina e auxiliar de servi\u00e7os. As inscri\u00e7\u00f5es come\u00e7aram no \u00faltimo dia 3, somente pela internet. O site funciona 24 horas por dia.<\/span><\/p>\n<p><span style=\"font-weight: 400;\">No site oficial (www.demlurb.pjf.mg.gov.br) est\u00e3o dispon\u00edveis os editais, o link para inscri\u00e7\u00e3o e a declara\u00e7\u00e3o de tempo de servi\u00e7o para quem j\u00e1 trabalhou no Demlurb. Ap\u00f3s a confirma\u00e7\u00e3o, os documentos dever\u00e3o ser enviados por e-mail, exclusivamente. N\u00e3o ser\u00e1 realizado atendimento presencial na sede administrativa do Demlurb.<\/span><\/p>\n<p><span style=\"font-weight: 400;\">Os documentos mencionados no edital ser\u00e3o aceitos em um \u00fanico e-mail por candidato. Devem ser enviados no formato PDF, com tamanho m\u00e1ximo de 15MB, zipado. No campo \u201cassunto\u201d do e-mail devem constar o nome do candidato e o n\u00famero de inscri\u00e7\u00e3o obtido no site, atrav\u00e9s do comprovante de inscri\u00e7\u00e3o.<\/span><\/p>\n<p><span style=\"font-weight: 400;\">O concurso est\u00e1 dispon\u00edvel para brasileiros natos ou naturalizados, que comprovem a forma\u00e7\u00e3o e atendam aos requisitos exigidos para o exerc\u00edcio profissional respectivo. O candidato deve estar em dia com as obriga\u00e7\u00f5es eleitorais e militares e n\u00e3o pode ter sido demitido por justa causa ou exonerado a bem do servi\u00e7o p\u00fablico em v\u00ednculos empregat\u00edcios anteriores com a autarquia. Exige-se a apresenta\u00e7\u00e3o dos documentos necess\u00e1rios, de forma digitalizada e como consta no edital: identidade, cadastro de pessoa f\u00edsica (CPF), carteira de motorista, comprovante de resid\u00eancia, inscri\u00e7\u00e3o, cursos realizados, t\u00edtulos, carteira de trabalho e, para os que j\u00e1 trabalharam no Demlurb, a declara\u00e7\u00e3o de tempo de servi\u00e7o.<\/span><\/p>\n<p><span style=\"font-weight: 400;\">Para o cargo de motorista de ve\u00edculo pesado, \u00e9 necess\u00e1rio ter ensino fundamental incompleto, carteira de habilita\u00e7\u00e3o nas categorias \u201cD\u201d ou \u201cE\u201d e preenchimento dos requisitos constantes do Artigo 145 do C\u00f3digo de Tr\u00e2nsito Brasileiro. A jornada de trabalho \u00e9 de 44 horas semanais, e a remunera\u00e7\u00e3o mensal, R$ 1.628,72. Os documentos dever\u00e3o ser enviados para o e-mail docpssmvp@demlurb.pjf.mg.gov.br.<\/span><\/p>\n<p><span style=\"font-weight: 400;\">Para o cargo de operador de m\u00e1quinas, \u00e9 requisito ter o primeiro grau incompleto, comprova\u00e7\u00e3o de habilita\u00e7\u00e3o na categoria \u201cB\u201d, \u201cC\u201d, \u201cD\u201d ou \u201cE\u201d, e preenchimento dos requisitos constantes do C\u00f3digo de Tr\u00e2nsito Brasileiro. A jornada de trabalho \u00e9 de 44 horas semanais, e a remunera\u00e7\u00e3o \u00e9 de R$ 1.628,72, por m\u00eas. Os documentos dever\u00e3o ser enviados para o e-mail docpssom@demlurb.pjf.mg.gov.br.<\/span><\/p>\n<p><span style=\"font-weight: 400;\">O auxiliar de servi\u00e7os \u00e9 respons\u00e1vel pela \u201cvarri\u00e7\u00e3o, capina, limpeza e conserva\u00e7\u00e3o das depend\u00eancias do Demlurb e das vias p\u00fablicas, e\/ou auxiliar no servi\u00e7o de coleta de lixo\u201d, segundo o edital. Os interessados devem ter n\u00edvel elementar de ensino. Com carga de 44 horas semanais, a remunera\u00e7\u00e3o \u00e9 de R$1.075,07 por m\u00eas. Os documentos dever\u00e3o ser enviados para o e-mail docpssas@demlurb.pjf.mg.gov.br.<\/span><\/p>\n<p><span style=\"font-weight: 400;\">Outras informa\u00e7\u00f5es sobre os editais pelo telefone 3690-3540 ou via e-mail duvidas@demlurb.pjf.mg.gov.br, onde dever\u00e1 constar o nome completo do candidato e o n\u00famero de inscri\u00e7\u00e3o.<\/span><\/p>\n<p><strong>Fonte:<\/strong> Assessoria<\/p>\n","protected":false},"excerpt":{"rendered":"<p>Termina na pr\u00f3xima segunda-feira (9), o prazo para inscri\u00e7\u00e3o no processo seletivo de contrata\u00e7\u00e3o tempor\u00e1ria do Departamento Municipal de Limpeza Urbana (Demlurb) da Prefeitura de Juiz de Fora (PJF). Lan\u00e7ado com base no artigo 194 e seguintes da Lei 8.710\/1955, o edital foi modificado para contrata\u00e7\u00e3o tempor\u00e1ria nos cargos de motorista de ve\u00edculo pesado, operador [&hellip;]<\/p>\n","protected":false},"author":96,"featured_media":172509,"comment_status":"closed","ping_status":"closed","sticky":false,"template":"","format":"standard","meta":{"footnotes":""},"categories":[253,436,439],"tags":[],"class_list":["post-172508","post","type-post","status-publish","format-standard","has-post-thumbnail","hentry","category-cidade","category-destaque-da-semana","category-ultima-hora"],"_links":{"self":[{"href":"https:\/\/diarioregionaldigital.com.br\/index.php?rest_route=\/wp\/v2\/posts\/172508","targetHints":{"allow":["GET"]}}],"collection":[{"href":"https:\/\/diarioregionaldigital.com.br\/index.php?rest_route=\/wp\/v2\/posts"}],"about":[{"href":"https:\/\/diarioregionaldigital.com.br\/index.php?rest_route=\/wp\/v2\/types\/post"}],"author":[{"embeddable":true,"href":"https:\/\/diarioregionaldigital.com.br\/index.php?rest_route=\/wp\/v2\/users\/96"}],"replies":[{"embeddable":true,"href":"https:\/\/diarioregionaldigital.com.br\/index.php?rest_route=%2Fwp%2Fv2%2Fcomments&post=172508"}],"version-history":[{"count":0,"href":"https:\/\/diarioregionaldigital.com.br\/index.php?rest_route=\/wp\/v2\/posts\/172508\/revisions"}],"wp:featuredmedia":[{"embeddable":true,"href":"https:\/\/diarioregionaldigital.com.br\/index.php?rest_route=\/wp\/v2\/media\/172509"}],"wp:attachment":[{"href":"https:\/\/diarioregionaldigital.com.br\/index.php?rest_route=%2Fwp%2Fv2%2Fmedia&parent=172508"}],"wp:term":[{"taxonomy":"category","embeddable":true,"href":"https:\/\/diarioregionaldigital.com.br\/index.php?rest_route=%2Fwp%2Fv2%2Fcategories&post=172508"},{"taxonomy":"post_tag","embeddable":true,"href":"https:\/\/diarioregionaldigital.com.br\/index.php?rest_route=%2Fwp%2Fv2%2Ftags&post=172508"}],"curies":[{"name":"wp","href":"https:\/\/api.w.org\/{rel}","templated":true}]}}