{"id":172505,"date":"2020-11-06T13:39:15","date_gmt":"2020-11-06T16:39:15","guid":{"rendered":"https:\/\/diarioregionaldigital.com.br\/?p=172505"},"modified":"2020-11-06T13:39:15","modified_gmt":"2020-11-06T16:39:15","slug":"covid-19-comite-se-reune-e-mantem-restricoes-em-juiz-de-fora","status":"publish","type":"post","link":"https:\/\/diarioregionaldigital.com.br\/?p=172505","title":{"rendered":"Covid-19: Comit\u00ea se re\u00fane e mant\u00e9m restri\u00e7\u00f5es em Juiz de Fora"},"content":{"rendered":"<p><span style=\"font-weight: 400;\">Em reuni\u00e3o realizada na noite de quinta-feira (5), na sede da Prefeitura de Juiz de Fora (PJF), o Comit\u00ea Municipal de Enfrentamento e Preven\u00e7\u00e3o \u00e0 Covid-19, decidiu por manter algumas restri\u00e7\u00f5es estabelecidas no munic\u00edpio, em meio a piora no cen\u00e1rio da doen\u00e7a. Os membros do comit\u00ea decidiram barrar novas libera\u00e7\u00f5es e por conta disso, as restri\u00e7\u00f5es fixadas pelo decreto 14.150 permanecem em vigor.<\/span><\/p>\n<p><span style=\"font-weight: 400;\">Atualmente, Juiz de Fora est\u00e1 na \u2018Onda Verde\u2019 do Programa Minas Consciente. Esta fase \u00e9 a menos restritiva do programa, que abrange servi\u00e7os n\u00e3o essenciais, mas que s\u00e3o de alto n\u00edvel de cont\u00e1gio.\u00a0<\/span><\/p>\n<p><span style=\"font-weight: 400;\">Foi decidido na reuni\u00e3o que o autosservi\u00e7o em bares, restaurantes e similares, seguem proibidos pela cidade, bem como a venda para o p\u00fablico em p\u00e9 nos estabelecimentos. Al\u00e9m disso, o colegiado manteve o veto ao funcionamento de\u00a0 parques de divers\u00e3o e tem\u00e1ticos, discotecas, danceterias e similares, servi\u00e7os de sauna e banhos, clubes sociais e \u00e1rea de churrasqueira.<\/span><\/p>\n<p><span style=\"font-weight: 400;\">No caso dos clubes, a PJF determinou que os locais podem trabalhar, desde que seja observado o limite m\u00e1ximo de 50% da capacidade de espa\u00e7o f\u00edsico.\u00a0<\/span><\/p>\n<p><span style=\"font-weight: 400;\">Conforme o colegiado, a \u2018Onda Verde\u2019 permite realiza\u00e7\u00e3o de eventos, reuni\u00f5es e atividades, desde que sejam seguidas determinadas regras, como distanciamento de quatro metros quadrados por pessoa, em locais abertos, e de dez metros quadrados, em ambientes fechados.\u00a0<\/span><\/p>\n<p><span style=\"font-weight: 400;\">No caso dos cinemas, a dist\u00e2ncia m\u00ednima entre as pessoas \u00e9 de dez metros quadrados, por\u00e9m as respectivas salas espalhadas pelo munic\u00edpio, seguem sem previs\u00e3o de reabertura.<\/span><\/p>\n<p><b>Atividades escolares<\/b><\/p>\n<p><span style=\"font-weight: 400;\">No encontro entre os membros do comit\u00ea, n\u00e3o houve avan\u00e7o nas conversas sobre uma poss\u00edvel retomada de atividades escolares presenciais. A situa\u00e7\u00e3o est\u00e1 sendo avaliada por uma comiss\u00e3o t\u00e9cnica formada por membros das Secretarias de Educa\u00e7\u00e3o e de Sa\u00fade, Universidade Federal de Juiz de Fora (UFJF), representantes do Conselho Municipal de Educa\u00e7\u00e3o e do Sindicato dos Estabelecimentos Particulares de Ensino da Regi\u00e3o Sudeste de Minas Gerais.<\/span><\/p>\n<p><b>Cen\u00e1rio atual do Covid-19<\/b><\/p>\n<p><span style=\"font-weight: 400;\">De acordo com dados da Prefeitura, houve piora no cen\u00e1rio do Coronav\u00edrus pelo munic\u00edpio. Os levantamentos epidemiol\u00f3gicos apontam que houve queda de vidas perdidas, por 17 dias consecutivos. Entretanto, desde o dia 28 de outubro, os n\u00fameros de \u00f3bitos confirmados t\u00eam tido constante crescimento. A partir da referida data, Juiz de Fora obteve 12 mortes decorrentes da doen\u00e7a.<\/span><\/p>\n<p><span style=\"font-weight: 400;\">Al\u00e9m disso, o Executivo informa que h\u00e1 tend\u00eancia para aumento de novos casos. No m\u00eas de outubro, houve diminui\u00e7\u00e3o nas notifica\u00e7\u00f5es de pessoas infectadas pelo Covid-19. Segundo a Prefeitura, a m\u00e9dia era de 20 confirma\u00e7\u00f5es di\u00e1rias. Entretanto, os n\u00fameros voltaram a crescer a partir do dia 25 e atualmente, a m\u00e9dia de novos casos aumentou para 50.<\/span><\/p>\n<p>&nbsp;<\/p>\n","protected":false},"excerpt":{"rendered":"<p>Em reuni\u00e3o realizada na noite de quinta-feira (5), na sede da Prefeitura de Juiz de Fora (PJF), o Comit\u00ea Municipal de Enfrentamento e Preven\u00e7\u00e3o \u00e0 Covid-19, decidiu por manter algumas restri\u00e7\u00f5es estabelecidas no munic\u00edpio, em meio a piora no cen\u00e1rio da doen\u00e7a. Os membros do comit\u00ea decidiram barrar novas libera\u00e7\u00f5es e por conta disso, as [&hellip;]<\/p>\n","protected":false},"author":96,"featured_media":172506,"comment_status":"closed","ping_status":"closed","sticky":false,"template":"","format":"standard","meta":{"footnotes":""},"categories":[253,436,440,439],"tags":[],"class_list":["post-172505","post","type-post","status-publish","format-standard","has-post-thumbnail","hentry","category-cidade","category-destaque-da-semana","category-destaques-do-dia","category-ultima-hora"],"_links":{"self":[{"href":"https:\/\/diarioregionaldigital.com.br\/index.php?rest_route=\/wp\/v2\/posts\/172505","targetHints":{"allow":["GET"]}}],"collection":[{"href":"https:\/\/diarioregionaldigital.com.br\/index.php?rest_route=\/wp\/v2\/posts"}],"about":[{"href":"https:\/\/diarioregionaldigital.com.br\/index.php?rest_route=\/wp\/v2\/types\/post"}],"author":[{"embeddable":true,"href":"https:\/\/diarioregionaldigital.com.br\/index.php?rest_route=\/wp\/v2\/users\/96"}],"replies":[{"embeddable":true,"href":"https:\/\/diarioregionaldigital.com.br\/index.php?rest_route=%2Fwp%2Fv2%2Fcomments&post=172505"}],"version-history":[{"count":0,"href":"https:\/\/diarioregionaldigital.com.br\/index.php?rest_route=\/wp\/v2\/posts\/172505\/revisions"}],"wp:featuredmedia":[{"embeddable":true,"href":"https:\/\/diarioregionaldigital.com.br\/index.php?rest_route=\/wp\/v2\/media\/172506"}],"wp:attachment":[{"href":"https:\/\/diarioregionaldigital.com.br\/index.php?rest_route=%2Fwp%2Fv2%2Fmedia&parent=172505"}],"wp:term":[{"taxonomy":"category","embeddable":true,"href":"https:\/\/diarioregionaldigital.com.br\/index.php?rest_route=%2Fwp%2Fv2%2Fcategories&post=172505"},{"taxonomy":"post_tag","embeddable":true,"href":"https:\/\/diarioregionaldigital.com.br\/index.php?rest_route=%2Fwp%2Fv2%2Ftags&post=172505"}],"curies":[{"name":"wp","href":"https:\/\/api.w.org\/{rel}","templated":true}]}}