{"id":172482,"date":"2020-11-06T06:00:39","date_gmt":"2020-11-06T09:00:39","guid":{"rendered":"https:\/\/diarioregionaldigital.com.br\/?p=172482"},"modified":"2020-11-06T04:30:55","modified_gmt":"2020-11-06T07:30:55","slug":"artes-plasticas-5","status":"publish","type":"post","link":"https:\/\/diarioregionaldigital.com.br\/?p=172482","title":{"rendered":"Artes Pl\u00e1sticas"},"content":{"rendered":"<p style=\"text-align: center;\"><strong>Economia<\/strong><\/p>\n<p style=\"text-align: center;\">Visando as festas de final de ano, os shopping centers j\u00e1 se recuperam de boa parte da pancada nas vendas em raz\u00e3o da quarentena. As pra\u00e7as de alimenta\u00e7\u00e3o tem sofrido mais que os outros varejos que ocupam os shoppings. Agora \u00e9 convencer o povo a comprar, pois muitos est\u00e3o desanimados por conta da Covid-19.<\/p>\n<p style=\"text-align: center;\"><strong>J\u00e1 \u00e9 Natal<\/strong><\/p>\n<p style=\"text-align: center;\">Apesar da pandemia ter desanimado muita gente, Amauri Mendes \u2013 O Palha\u00e7o Fuzil dos M\u00e9dicos do Barulho n\u00e3o perdeu o entusiasmo. Ele lan\u00e7ou a tradicional campanha de Natal para compra de cestas b\u00e1sicas que ser\u00e3o distribu\u00eddas para pessoas carentes. Para ajudar ligue no WhatsApp: 99832-1203.<\/p>\n<p style=\"text-align: center;\"><strong>Artes Pl\u00e1sticas<\/strong><\/p>\n<p style=\"text-align: center;\">Preferida deste colunista a artista pl\u00e1stica Beatriz Milhazes transcende. Suas obrasem sobreposi\u00e7\u00f5es de c\u00edrculos linhas geom\u00e9tricas e cores s\u00e3o seus tra\u00e7os mais marcantes. Seus quadros alegram os ambientes e a colocam como um dos maiores nomes da cena art\u00edstica mundial. Em destaque, seu quadro P\u00f3 de Arroz, obra em tinta acr\u00edlica sobre linho. A superf\u00edcie da tela gira, se move em diversas dire\u00e7\u00f5es provocando uma sensa\u00e7\u00e3o de vertigem. Um verdadeiro sonho matem\u00e1tico.<\/p>\n<p style=\"text-align: center;\"><strong>Up:<\/strong> Novembro \u00e9 m\u00eas bom para: Ir em busca daquele encontro h\u00e1 tempos \u00e9 adiado.Toda hora \u00e9 hora.<\/p>\n<div id=\"attachment_172473\" style=\"width: 690px\" class=\"wp-caption aligncenter\"><img loading=\"lazy\" decoding=\"async\" aria-describedby=\"caption-attachment-172473\" class=\"wp-image-172473\" src=\"https:\/\/diarioregionaldigital.com.br\/wp-content\/uploads\/2020\/11\/fotoa-2-e1604644016335.jpg\" alt=\"\" width=\"680\" height=\"506\" srcset=\"https:\/\/diarioregionaldigital.com.br\/wp-content\/uploads\/2020\/11\/fotoa-2-e1604644016335.jpg 547w, https:\/\/diarioregionaldigital.com.br\/wp-content\/uploads\/2020\/11\/fotoa-2-e1604644016335-300x223.jpg 300w, https:\/\/diarioregionaldigital.com.br\/wp-content\/uploads\/2020\/11\/fotoa-2-e1604644016335-360x268.jpg 360w\" sizes=\"auto, (max-width: 680px) 100vw, 680px\" \/><p id=\"caption-attachment-172473\" class=\"wp-caption-text\">As deslumbrantes Baby Mancine e Carla Close, no Miss Brasil Gay 2019, no Terrazzo<\/p><\/div>\n<div id=\"attachment_172474\" style=\"width: 690px\" class=\"wp-caption aligncenter\"><img loading=\"lazy\" decoding=\"async\" aria-describedby=\"caption-attachment-172474\" class=\"wp-image-172474\" src=\"https:\/\/diarioregionaldigital.com.br\/wp-content\/uploads\/2020\/11\/fotoaa-1-e1604644062856.jpeg\" alt=\"\" width=\"680\" height=\"503\" srcset=\"https:\/\/diarioregionaldigital.com.br\/wp-content\/uploads\/2020\/11\/fotoaa-1-e1604644062856.jpeg 1024w, https:\/\/diarioregionaldigital.com.br\/wp-content\/uploads\/2020\/11\/fotoaa-1-e1604644062856-300x222.jpeg 300w, https:\/\/diarioregionaldigital.com.br\/wp-content\/uploads\/2020\/11\/fotoaa-1-e1604644062856-768x569.jpeg 768w, https:\/\/diarioregionaldigital.com.br\/wp-content\/uploads\/2020\/11\/fotoaa-1-e1604644062856-360x266.jpeg 360w\" sizes=\"auto, (max-width: 680px) 100vw, 680px\" \/><p id=\"caption-attachment-172474\" class=\"wp-caption-text\">O bonit\u00e3o Jamerson James absoluto como Mr. Glamour Gay Norte Fluminense RJ 2020<\/p><\/div>\n<div id=\"attachment_172475\" style=\"width: 690px\" class=\"wp-caption aligncenter\"><img loading=\"lazy\" decoding=\"async\" aria-describedby=\"caption-attachment-172475\" class=\"wp-image-172475\" src=\"https:\/\/diarioregionaldigital.com.br\/wp-content\/uploads\/2020\/11\/fotoaa-1-e1604644160716.jpg\" alt=\"\" width=\"680\" height=\"469\" srcset=\"https:\/\/diarioregionaldigital.com.br\/wp-content\/uploads\/2020\/11\/fotoaa-1-e1604644160716.jpg 624w, https:\/\/diarioregionaldigital.com.br\/wp-content\/uploads\/2020\/11\/fotoaa-1-e1604644160716-300x207.jpg 300w, https:\/\/diarioregionaldigital.com.br\/wp-content\/uploads\/2020\/11\/fotoaa-1-e1604644160716-360x248.jpg 360w, https:\/\/diarioregionaldigital.com.br\/wp-content\/uploads\/2020\/11\/fotoaa-1-e1604644160716-100x70.jpg 100w\" sizes=\"auto, (max-width: 680px) 100vw, 680px\" \/><p id=\"caption-attachment-172475\" class=\"wp-caption-text\">No m\u00eas do cabelereiro um destaque para o talentoso Rosenberg Frizeiro<\/p><\/div>\n<div id=\"attachment_172476\" style=\"width: 690px\" class=\"wp-caption aligncenter\"><img loading=\"lazy\" decoding=\"async\" aria-describedby=\"caption-attachment-172476\" class=\"wp-image-172476\" src=\"https:\/\/diarioregionaldigital.com.br\/wp-content\/uploads\/2020\/11\/fotobb-e1604644196400.jpg\" alt=\"\" width=\"680\" height=\"523\" srcset=\"https:\/\/diarioregionaldigital.com.br\/wp-content\/uploads\/2020\/11\/fotobb-e1604644196400.jpg 720w, https:\/\/diarioregionaldigital.com.br\/wp-content\/uploads\/2020\/11\/fotobb-e1604644196400-300x231.jpg 300w, https:\/\/diarioregionaldigital.com.br\/wp-content\/uploads\/2020\/11\/fotobb-e1604644196400-360x277.jpg 360w\" sizes=\"auto, (max-width: 680px) 100vw, 680px\" \/><p id=\"caption-attachment-172476\" class=\"wp-caption-text\">Aniversariando hoje (6) o figurinista de Carnaval de gente estrelada Fabinho Esteves<\/p><\/div>\n<div id=\"attachment_172477\" style=\"width: 690px\" class=\"wp-caption aligncenter\"><img loading=\"lazy\" decoding=\"async\" aria-describedby=\"caption-attachment-172477\" class=\"wp-image-172477\" src=\"https:\/\/diarioregionaldigital.com.br\/wp-content\/uploads\/2020\/11\/fotoc-2-e1604644483651.jpg\" alt=\"\" width=\"680\" height=\"527\" srcset=\"https:\/\/diarioregionaldigital.com.br\/wp-content\/uploads\/2020\/11\/fotoc-2-e1604644483651.jpg 754w, https:\/\/diarioregionaldigital.com.br\/wp-content\/uploads\/2020\/11\/fotoc-2-e1604644483651-300x232.jpg 300w, https:\/\/diarioregionaldigital.com.br\/wp-content\/uploads\/2020\/11\/fotoc-2-e1604644483651-360x279.jpg 360w\" sizes=\"auto, (max-width: 680px) 100vw, 680px\" \/><p id=\"caption-attachment-172477\" class=\"wp-caption-text\">Premiad\u00edssimo em 2020, Jeycow Ferraz recebeu trof\u00e9u como Melhor Apresentador de shows Ok, no Rio de Janeiro<\/p><\/div>\n<div id=\"attachment_172478\" style=\"width: 690px\" class=\"wp-caption aligncenter\"><img loading=\"lazy\" decoding=\"async\" aria-describedby=\"caption-attachment-172478\" class=\"wp-image-172478\" src=\"https:\/\/diarioregionaldigital.com.br\/wp-content\/uploads\/2020\/11\/fotod-2-e1604644521308.jpg\" alt=\"\" width=\"680\" height=\"504\" srcset=\"https:\/\/diarioregionaldigital.com.br\/wp-content\/uploads\/2020\/11\/fotod-2-e1604644521308.jpg 480w, https:\/\/diarioregionaldigital.com.br\/wp-content\/uploads\/2020\/11\/fotod-2-e1604644521308-300x223.jpg 300w, https:\/\/diarioregionaldigital.com.br\/wp-content\/uploads\/2020\/11\/fotod-2-e1604644521308-360x267.jpg 360w\" sizes=\"auto, (max-width: 680px) 100vw, 680px\" \/><p id=\"caption-attachment-172478\" class=\"wp-caption-text\">Direto de Recreio (MG) para esta coluna a estilista In\u00eas Mello e a filha Ana Clara<\/p><\/div>\n<div id=\"attachment_172479\" style=\"width: 690px\" class=\"wp-caption aligncenter\"><img loading=\"lazy\" decoding=\"async\" aria-describedby=\"caption-attachment-172479\" class=\"wp-image-172479\" src=\"https:\/\/diarioregionaldigital.com.br\/wp-content\/uploads\/2020\/11\/fotoe-2-e1604644562492.jpg\" alt=\"\" width=\"680\" height=\"517\" srcset=\"https:\/\/diarioregionaldigital.com.br\/wp-content\/uploads\/2020\/11\/fotoe-2-e1604644562492.jpg 1219w, https:\/\/diarioregionaldigital.com.br\/wp-content\/uploads\/2020\/11\/fotoe-2-e1604644562492-300x228.jpg 300w, https:\/\/diarioregionaldigital.com.br\/wp-content\/uploads\/2020\/11\/fotoe-2-e1604644562492-1024x778.jpg 1024w, https:\/\/diarioregionaldigital.com.br\/wp-content\/uploads\/2020\/11\/fotoe-2-e1604644562492-768x583.jpg 768w, https:\/\/diarioregionaldigital.com.br\/wp-content\/uploads\/2020\/11\/fotoe-2-e1604644562492-360x273.jpg 360w\" sizes=\"auto, (max-width: 680px) 100vw, 680px\" \/><p id=\"caption-attachment-172479\" class=\"wp-caption-text\">Na Sociedade de Medicina de Juiz de Fora antes da pandemia: Solange Pipa e Dr. El\u00eddio Lana<\/p><\/div>\n<div id=\"attachment_172480\" style=\"width: 690px\" class=\"wp-caption aligncenter\"><img loading=\"lazy\" decoding=\"async\" aria-describedby=\"caption-attachment-172480\" class=\"wp-image-172480\" src=\"https:\/\/diarioregionaldigital.com.br\/wp-content\/uploads\/2020\/11\/fotof-1-e1604644601170.jpg\" alt=\"\" width=\"680\" height=\"480\" srcset=\"https:\/\/diarioregionaldigital.com.br\/wp-content\/uploads\/2020\/11\/fotof-1-e1604644601170.jpg 1439w, https:\/\/diarioregionaldigital.com.br\/wp-content\/uploads\/2020\/11\/fotof-1-e1604644601170-300x212.jpg 300w, https:\/\/diarioregionaldigital.com.br\/wp-content\/uploads\/2020\/11\/fotof-1-e1604644601170-1024x722.jpg 1024w, https:\/\/diarioregionaldigital.com.br\/wp-content\/uploads\/2020\/11\/fotof-1-e1604644601170-768x542.jpg 768w, https:\/\/diarioregionaldigital.com.br\/wp-content\/uploads\/2020\/11\/fotof-1-e1604644601170-750x530.jpg 750w, https:\/\/diarioregionaldigital.com.br\/wp-content\/uploads\/2020\/11\/fotof-1-e1604644601170-360x254.jpg 360w, https:\/\/diarioregionaldigital.com.br\/wp-content\/uploads\/2020\/11\/fotof-1-e1604644601170-100x70.jpg 100w\" sizes=\"auto, (max-width: 680px) 100vw, 680px\" \/><p id=\"caption-attachment-172480\" class=\"wp-caption-text\">Os bonit\u00f5es T\u00e1ssio Ribeiro Gouv\u00eaa e Felipe Siqueira, em noite alto astral<\/p><\/div>\n<div id=\"attachment_172481\" style=\"width: 690px\" class=\"wp-caption aligncenter\"><img loading=\"lazy\" decoding=\"async\" aria-describedby=\"caption-attachment-172481\" class=\"wp-image-172481\" src=\"https:\/\/diarioregionaldigital.com.br\/wp-content\/uploads\/2020\/11\/fotog-2-e1604644658162.jpg\" alt=\"\" width=\"680\" height=\"522\" srcset=\"https:\/\/diarioregionaldigital.com.br\/wp-content\/uploads\/2020\/11\/fotog-2-e1604644658162.jpg 1077w, https:\/\/diarioregionaldigital.com.br\/wp-content\/uploads\/2020\/11\/fotog-2-e1604644658162-300x230.jpg 300w, https:\/\/diarioregionaldigital.com.br\/wp-content\/uploads\/2020\/11\/fotog-2-e1604644658162-1024x786.jpg 1024w, https:\/\/diarioregionaldigital.com.br\/wp-content\/uploads\/2020\/11\/fotog-2-e1604644658162-768x590.jpg 768w, https:\/\/diarioregionaldigital.com.br\/wp-content\/uploads\/2020\/11\/fotog-2-e1604644658162-360x276.jpg 360w\" sizes=\"auto, (max-width: 680px) 100vw, 680px\" \/><p id=\"caption-attachment-172481\" class=\"wp-caption-text\">No cantinho da D.Dirce no Vitorino, Z\u00e9 Kodak e Nelson Rezende de Barros (Enredo do Bloco Eu e Voc\u00ea)<\/p><\/div>\n<p style=\"text-align: center;\"><strong>FOTOSS\u00cdNTESE<\/strong><\/p>\n<p>Dignos de aplausos o time da Biblioteca Municipal L\u00eada Rodrigues Silva, de Andrel\u00e2ndia (MG), ficou em 1\u00ba lugar no Desafio Bibliotecas em Casa. O Programa Recode Biblioteca incentiva este tipo de evento cultural.<\/p>\n<p>Aten\u00e7\u00e3o: O lar S\u00e3o Vicente de Paulo est\u00e1 precisando de toucas de frio e toalhas de banho. Quem puder ajudar, a coluna agradece.<\/p>\n<p>Com aten\u00e7\u00e3o impec\u00e1vel, o jogador de v\u00f4lei juiz-forano Felipe Roque (23 anos), deu show e sagrou-se pela Taubat\u00e9 campe\u00e3o do Trof\u00e9u Super V\u00f4lei, na vit\u00f3ria sobre o Sada campe\u00e3o por 3X0.<\/p>\n<p>De intenso lirismo, o livro lan\u00e7ado pela escritora e psic\u00f3loga Luciane Fontes. Com o tema \u201cA Lupa M\u00e1gica\u201d, a obra infantil, est\u00e1 dispon\u00edvel tamb\u00e9m em Audi livro.<\/p>\n<p>Tem gente bem chegado a este colunista que at\u00e9 para tomar banho leva o celular. \u00c9 24hs, sem parar.<\/p>\n<p>Causou impacto a palestra no Instagram da Unimed com a mastologista e ginecologista, Luciana Marcon falando sobre preven\u00e7\u00e3o do c\u00e2ncer de mama.<\/p>\n<p>A tradicional festa para a entrega do M\u00e9rito Esportivo Panathlon que premia destaques como atletas, t\u00e9cnicos, arbitragem, imprensa, entidades e empresas que investem no esporte local foi cancelado neste ano. A decis\u00e3o foi anunciada pelo presidente Basileu Tavares.<\/p>\n<p>Segundo especialistas, a pr\u00f3xima administra\u00e7\u00e3o municipal enfrentar\u00e1 desafios do setor, muito deles agravados pelo surto da pandemia.<\/p>\n<p>Concluindo: As pessoas hoje em dia sabem o pre\u00e7o de tudo, mas n\u00e3o sabem o valor de nada.<\/p>\n<p><img loading=\"lazy\" decoding=\"async\" class=\"aligncenter size-full wp-image-172483\" src=\"https:\/\/diarioregionaldigital.com.br\/wp-content\/uploads\/2020\/11\/anuncio79-scaled.jpg\" alt=\"\" width=\"2560\" height=\"976\" srcset=\"https:\/\/diarioregionaldigital.com.br\/wp-content\/uploads\/2020\/11\/anuncio79-scaled.jpg 2560w, https:\/\/diarioregionaldigital.com.br\/wp-content\/uploads\/2020\/11\/anuncio79-300x114.jpg 300w, https:\/\/diarioregionaldigital.com.br\/wp-content\/uploads\/2020\/11\/anuncio79-1024x391.jpg 1024w, https:\/\/diarioregionaldigital.com.br\/wp-content\/uploads\/2020\/11\/anuncio79-768x293.jpg 768w, https:\/\/diarioregionaldigital.com.br\/wp-content\/uploads\/2020\/11\/anuncio79-1536x586.jpg 1536w, https:\/\/diarioregionaldigital.com.br\/wp-content\/uploads\/2020\/11\/anuncio79-2048x781.jpg 2048w, https:\/\/diarioregionaldigital.com.br\/wp-content\/uploads\/2020\/11\/anuncio79-360x137.jpg 360w\" sizes=\"auto, (max-width: 2560px) 100vw, 2560px\" \/><\/p>\n","protected":false},"excerpt":{"rendered":"<p>Economia Visando as festas de final de ano, os shopping centers j\u00e1 se recuperam de boa parte da pancada nas vendas em raz\u00e3o da quarentena. As pra\u00e7as de alimenta\u00e7\u00e3o tem sofrido mais que os outros varejos que ocupam os shoppings. Agora \u00e9 convencer o povo a comprar, pois muitos est\u00e3o desanimados por conta da Covid-19. [&hellip;]<\/p>\n","protected":false},"author":96,"featured_media":172486,"comment_status":"closed","ping_status":"closed","sticky":false,"template":"","format":"standard","meta":{"footnotes":""},"categories":[264],"tags":[],"class_list":["post-172482","post","type-post","status-publish","format-standard","has-post-thumbnail","hentry","category-eduardo-gomes"],"_links":{"self":[{"href":"https:\/\/diarioregionaldigital.com.br\/index.php?rest_route=\/wp\/v2\/posts\/172482","targetHints":{"allow":["GET"]}}],"collection":[{"href":"https:\/\/diarioregionaldigital.com.br\/index.php?rest_route=\/wp\/v2\/posts"}],"about":[{"href":"https:\/\/diarioregionaldigital.com.br\/index.php?rest_route=\/wp\/v2\/types\/post"}],"author":[{"embeddable":true,"href":"https:\/\/diarioregionaldigital.com.br\/index.php?rest_route=\/wp\/v2\/users\/96"}],"replies":[{"embeddable":true,"href":"https:\/\/diarioregionaldigital.com.br\/index.php?rest_route=%2Fwp%2Fv2%2Fcomments&post=172482"}],"version-history":[{"count":0,"href":"https:\/\/diarioregionaldigital.com.br\/index.php?rest_route=\/wp\/v2\/posts\/172482\/revisions"}],"wp:featuredmedia":[{"embeddable":true,"href":"https:\/\/diarioregionaldigital.com.br\/index.php?rest_route=\/wp\/v2\/media\/172486"}],"wp:attachment":[{"href":"https:\/\/diarioregionaldigital.com.br\/index.php?rest_route=%2Fwp%2Fv2%2Fmedia&parent=172482"}],"wp:term":[{"taxonomy":"category","embeddable":true,"href":"https:\/\/diarioregionaldigital.com.br\/index.php?rest_route=%2Fwp%2Fv2%2Fcategories&post=172482"},{"taxonomy":"post_tag","embeddable":true,"href":"https:\/\/diarioregionaldigital.com.br\/index.php?rest_route=%2Fwp%2Fv2%2Ftags&post=172482"}],"curies":[{"name":"wp","href":"https:\/\/api.w.org\/{rel}","templated":true}]}}