{"id":172471,"date":"2020-11-05T21:11:25","date_gmt":"2020-11-06T00:11:25","guid":{"rendered":"https:\/\/diarioregionaldigital.com.br\/?p=172471"},"modified":"2020-11-05T21:11:25","modified_gmt":"2020-11-06T00:11:25","slug":"covid-19-brasil-tem-1617-mortes-e-561-milhoes-de-casos-acumulados","status":"publish","type":"post","link":"https:\/\/diarioregionaldigital.com.br\/?p=172471","title":{"rendered":"Covid-19: Brasil tem 161,7 mortes e 5,61 milh\u00f5es de casos acumulados"},"content":{"rendered":"<p>Desde o in\u00edcio da pandemia do novo coronav\u00edrus, o pa\u00eds registra 161.736 \u00f3bitos. Nas \u00faltimas 24 horas, foram registradas 630\u00a0mortes.\u00a0Ontem, o sistema de dados sobre a pandemia marcava 161.106 \u00f3bitos. Ainda h\u00e1 2.295 falecimentos em investiga\u00e7\u00e3o, informa\u00e7\u00e3o referente a\u00a0ontem.<img decoding=\"async\" src=\"https:\/\/agenciabrasil.ebc.com.br\/ebc.png?id=1392402&amp;o=node\" \/><img decoding=\"async\" src=\"https:\/\/agenciabrasil.ebc.com.br\/ebc.gif?id=1392402&amp;o=node\" \/><\/p>\n<p>Os dados est\u00e3o no balan\u00e7o di\u00e1rio do Minist\u00e9rio da Sa\u00fade, divulgado na noite desta\u00a0quinta-feira (5). A atualiza\u00e7\u00e3o \u00e9 feita a partir das informa\u00e7\u00f5es de mortes e casos levantadas pelas secretarias estaduais de sa\u00fade.<\/p>\n<p>O o n\u00famero de pessoas infectadas com o novo coronav\u00edrus desde o in\u00edcio da pandemia atingiu 5.612.319. Entre\u00a0ontem\u00a0e\u00a0hoje, foram notificados pelas autoridades estaduais de sa\u00fade 22.294 novos diagn\u00f3sticos positivos para a doen\u00e7a. Ontem, os dados consolidados pelo Minist\u00e9rio davam conta de 5.590.025 pessoas com covid-19 desde o come\u00e7o da contagem.<\/p>\n<p>O balan\u00e7o n\u00e3o acrescentou novos pacientes em acompanhamento, permanecendo o dado do dia anterior 364.575. O mesmo vale para as pessoas que j\u00e1 se recuperaram da doen\u00e7a, totalizando 5.064.344. A justificativa do minist\u00e9rio \u00e9 que ocorreu dificuldade na atualiza\u00e7\u00e3o devido\u00a0\u00e0 queda dos sistemas internos\u00a0hoje.<\/p>\n<h2>Covid-19 nos estados<\/h2>\n<p>Os estados com mais mortes s\u00e3o S\u00e3o Paulo (39.717), Rio\u00a0de Janeiro\u00a0(20.849), Cear\u00e1 (9.386), Minas Gerais (9.128) e Pernambuco (8.687). As Unidades da Federa\u00e7\u00e3o com menos casos s\u00e3o Roraima (695), Acre (697), Amap\u00e1 (751), Tocantins (1.108) e Rond\u00f4nia (1.470).<\/p>\n<p><strong>Fonte:\u00a0<\/strong>Ag\u00eancia Brasil<\/p>\n","protected":false},"excerpt":{"rendered":"<p>Desde o in\u00edcio da pandemia do novo coronav\u00edrus, o pa\u00eds registra 161.736 \u00f3bitos. Nas \u00faltimas 24 horas, foram registradas 630\u00a0mortes.\u00a0Ontem, o sistema de dados sobre a pandemia marcava 161.106 \u00f3bitos. Ainda h\u00e1 2.295 falecimentos em investiga\u00e7\u00e3o, informa\u00e7\u00e3o referente a\u00a0ontem. Os dados est\u00e3o no balan\u00e7o di\u00e1rio do Minist\u00e9rio da Sa\u00fade, divulgado na noite desta\u00a0quinta-feira (5). A [&hellip;]<\/p>\n","protected":false},"author":96,"featured_media":161260,"comment_status":"closed","ping_status":"closed","sticky":false,"template":"","format":"standard","meta":{"footnotes":""},"categories":[302,436,439],"tags":[],"class_list":["post-172471","post","type-post","status-publish","format-standard","has-post-thumbnail","hentry","category-brasil-mundo","category-destaque-da-semana","category-ultima-hora"],"_links":{"self":[{"href":"https:\/\/diarioregionaldigital.com.br\/index.php?rest_route=\/wp\/v2\/posts\/172471","targetHints":{"allow":["GET"]}}],"collection":[{"href":"https:\/\/diarioregionaldigital.com.br\/index.php?rest_route=\/wp\/v2\/posts"}],"about":[{"href":"https:\/\/diarioregionaldigital.com.br\/index.php?rest_route=\/wp\/v2\/types\/post"}],"author":[{"embeddable":true,"href":"https:\/\/diarioregionaldigital.com.br\/index.php?rest_route=\/wp\/v2\/users\/96"}],"replies":[{"embeddable":true,"href":"https:\/\/diarioregionaldigital.com.br\/index.php?rest_route=%2Fwp%2Fv2%2Fcomments&post=172471"}],"version-history":[{"count":0,"href":"https:\/\/diarioregionaldigital.com.br\/index.php?rest_route=\/wp\/v2\/posts\/172471\/revisions"}],"wp:featuredmedia":[{"embeddable":true,"href":"https:\/\/diarioregionaldigital.com.br\/index.php?rest_route=\/wp\/v2\/media\/161260"}],"wp:attachment":[{"href":"https:\/\/diarioregionaldigital.com.br\/index.php?rest_route=%2Fwp%2Fv2%2Fmedia&parent=172471"}],"wp:term":[{"taxonomy":"category","embeddable":true,"href":"https:\/\/diarioregionaldigital.com.br\/index.php?rest_route=%2Fwp%2Fv2%2Fcategories&post=172471"},{"taxonomy":"post_tag","embeddable":true,"href":"https:\/\/diarioregionaldigital.com.br\/index.php?rest_route=%2Fwp%2Fv2%2Ftags&post=172471"}],"curies":[{"name":"wp","href":"https:\/\/api.w.org\/{rel}","templated":true}]}}