{"id":172468,"date":"2020-11-05T18:23:21","date_gmt":"2020-11-05T21:23:21","guid":{"rendered":"https:\/\/diarioregionaldigital.com.br\/?p=172468"},"modified":"2020-11-05T18:23:21","modified_gmt":"2020-11-05T21:23:21","slug":"secretaria-de-obras-faz-base-para-recapeamento-de-via-no-sagrado-coracao","status":"publish","type":"post","link":"https:\/\/diarioregionaldigital.com.br\/?p=172468","title":{"rendered":"Secretaria de Obras faz base para recapeamento de via no Sagrado Cora\u00e7\u00e3o"},"content":{"rendered":"<p>A Secretaria de Obras (SO) da Prefeitura de Juiz de Fora (PJF) executa base de brita graduada para recebimento de asfalto na Rua Alziro Zarur, no Bairro Sagrado Cora\u00e7\u00e3o de Jesus, zona sul. A recomposi\u00e7\u00e3o asf\u00e1ltica \u00e9 feita, posteriormente, pela Empresa Municipal de Pavimenta\u00e7\u00e3o e Urbaniza\u00e7\u00e3o (Empav). A SO tamb\u00e9m faz corre\u00e7\u00e3o de eros\u00e3o na Rua Major Jo\u00e3o Martins, no Vila Ozanan, constr\u00f3i muro de conten\u00e7\u00e3o na Rua Izolino Gon\u00e7alves Coelho, no Santos Dumont, e ponte de pedestre, em Igrejinha.<\/p>\n<p>Outras equipes trabalham no assentamento de grelha de concreto em boca de lobo na Rua Clorindo Burnier, no Vitorino Braga, reformam cal\u00e7amento em diversos pontos da Avenida Get\u00falio Vargas, e fazem a retirada de terra nas ruas Jos\u00e9 Francisco da Motta, no Bairro Retiro, e J\u00falio \u00c1lvares de Assis, no Floresta. Servidores executam, ainda, pequeno trecho de rede pluvial na Rua da Esta\u00e7\u00e3o, em Igrejinha, muro do tipo rip-rap (solo cimento), em Ros\u00e1rio de Minas, e assentamento de meio-fio na Avenida Luiza Vit\u00f3ria Fernandes, no Jardim dos Alfineiros.<\/p>\n<p><b>Rede pluvial<\/b><\/p>\n<p>A SO continua com os trabalhos de implanta\u00e7\u00e3o de rede pluvial em duas \u00e1reas: na Rua Carlos Martins, no Bairro Jardim Cachoeira, onde est\u00e3o sendo constru\u00eddos novos dispositivos, visando captar o grande volume de \u00e1gua do Parque das \u00c1guas, e na Rua Wagner Giancoli, no Parque Independ\u00eancia, buscando melhorar o escoamento, evitando eros\u00f5es \u00e0s margens do c\u00f3rrego.<\/p>\n<p><strong>Fonte:\u00a0<\/strong>Assessoria<\/p>\n","protected":false},"excerpt":{"rendered":"<p>A Secretaria de Obras (SO) da Prefeitura de Juiz de Fora (PJF) executa base de brita graduada para recebimento de asfalto na Rua Alziro Zarur, no Bairro Sagrado Cora\u00e7\u00e3o de Jesus, zona sul. A recomposi\u00e7\u00e3o asf\u00e1ltica \u00e9 feita, posteriormente, pela Empresa Municipal de Pavimenta\u00e7\u00e3o e Urbaniza\u00e7\u00e3o (Empav). A SO tamb\u00e9m faz corre\u00e7\u00e3o de eros\u00e3o na [&hellip;]<\/p>\n","protected":false},"author":96,"featured_media":172469,"comment_status":"closed","ping_status":"closed","sticky":false,"template":"","format":"standard","meta":{"footnotes":""},"categories":[253,436,439],"tags":[],"class_list":["post-172468","post","type-post","status-publish","format-standard","has-post-thumbnail","hentry","category-cidade","category-destaque-da-semana","category-ultima-hora"],"_links":{"self":[{"href":"https:\/\/diarioregionaldigital.com.br\/index.php?rest_route=\/wp\/v2\/posts\/172468","targetHints":{"allow":["GET"]}}],"collection":[{"href":"https:\/\/diarioregionaldigital.com.br\/index.php?rest_route=\/wp\/v2\/posts"}],"about":[{"href":"https:\/\/diarioregionaldigital.com.br\/index.php?rest_route=\/wp\/v2\/types\/post"}],"author":[{"embeddable":true,"href":"https:\/\/diarioregionaldigital.com.br\/index.php?rest_route=\/wp\/v2\/users\/96"}],"replies":[{"embeddable":true,"href":"https:\/\/diarioregionaldigital.com.br\/index.php?rest_route=%2Fwp%2Fv2%2Fcomments&post=172468"}],"version-history":[{"count":0,"href":"https:\/\/diarioregionaldigital.com.br\/index.php?rest_route=\/wp\/v2\/posts\/172468\/revisions"}],"wp:featuredmedia":[{"embeddable":true,"href":"https:\/\/diarioregionaldigital.com.br\/index.php?rest_route=\/wp\/v2\/media\/172469"}],"wp:attachment":[{"href":"https:\/\/diarioregionaldigital.com.br\/index.php?rest_route=%2Fwp%2Fv2%2Fmedia&parent=172468"}],"wp:term":[{"taxonomy":"category","embeddable":true,"href":"https:\/\/diarioregionaldigital.com.br\/index.php?rest_route=%2Fwp%2Fv2%2Fcategories&post=172468"},{"taxonomy":"post_tag","embeddable":true,"href":"https:\/\/diarioregionaldigital.com.br\/index.php?rest_route=%2Fwp%2Fv2%2Ftags&post=172468"}],"curies":[{"name":"wp","href":"https:\/\/api.w.org\/{rel}","templated":true}]}}