{"id":172457,"date":"2020-11-05T17:58:57","date_gmt":"2020-11-05T20:58:57","guid":{"rendered":"https:\/\/diarioregionaldigital.com.br\/?p=172457"},"modified":"2020-11-05T17:58:57","modified_gmt":"2020-11-05T20:58:57","slug":"municipio-acumula-quase-270-mortes-decorrentes-do-coronavirus","status":"publish","type":"post","link":"https:\/\/diarioregionaldigital.com.br\/?p=172457","title":{"rendered":"Munic\u00edpio acumula quase 270 mortes decorrentes do Coronav\u00edrus"},"content":{"rendered":"<p>O novo boletim epidemiol\u00f3gico divulgado nesta quinta-feira (5) pela Secretaria de Sa\u00fade (SS) da Prefeitura de Juiz de Fora (PJF), aponta que o munic\u00edpio registrou mais uma morte por Coronav\u00edrus, acumulando 268 \u00f3bitos. A v\u00edtima era um idoso de 85 anos e morreu no \u00faltimo dia 28 de outubro. Ele era portador de Doen\u00e7a Cardiovascular Cr\u00f4nica (DCC) e Pneumopatia Cr\u00f4nica. De acordo com o levantamento nas \u00faltimas 24h foram registrados mais 25 novos casos, totalizando 7.307 pessoas infectadas e 26.203 pacientes s\u00e3o suspeitos de terem a doen\u00e7a.<\/p>\n<p><b>Leitos\u00a0<\/b><\/p>\n<p>Segundo informa\u00e7\u00f5es da PJF, os leitos de enfermaria est\u00e3o com 64,59% de ocupa\u00e7\u00e3o. J\u00e1 os os leitos de UTI e SUS, est\u00e3o com taxa de 76,28% e 78,74% respectivamente.<\/p>\n","protected":false},"excerpt":{"rendered":"<p>O novo boletim epidemiol\u00f3gico divulgado nesta quinta-feira (5) pela Secretaria de Sa\u00fade (SS) da Prefeitura de Juiz de Fora (PJF), aponta que o munic\u00edpio registrou mais uma morte por Coronav\u00edrus, acumulando 268 \u00f3bitos. A v\u00edtima era um idoso de 85 anos e morreu no \u00faltimo dia 28 de outubro. Ele era portador de Doen\u00e7a Cardiovascular [&hellip;]<\/p>\n","protected":false},"author":96,"featured_media":172454,"comment_status":"closed","ping_status":"closed","sticky":false,"template":"","format":"standard","meta":{"footnotes":""},"categories":[253,436,440,439],"tags":[],"class_list":["post-172457","post","type-post","status-publish","format-standard","has-post-thumbnail","hentry","category-cidade","category-destaque-da-semana","category-destaques-do-dia","category-ultima-hora"],"_links":{"self":[{"href":"https:\/\/diarioregionaldigital.com.br\/index.php?rest_route=\/wp\/v2\/posts\/172457","targetHints":{"allow":["GET"]}}],"collection":[{"href":"https:\/\/diarioregionaldigital.com.br\/index.php?rest_route=\/wp\/v2\/posts"}],"about":[{"href":"https:\/\/diarioregionaldigital.com.br\/index.php?rest_route=\/wp\/v2\/types\/post"}],"author":[{"embeddable":true,"href":"https:\/\/diarioregionaldigital.com.br\/index.php?rest_route=\/wp\/v2\/users\/96"}],"replies":[{"embeddable":true,"href":"https:\/\/diarioregionaldigital.com.br\/index.php?rest_route=%2Fwp%2Fv2%2Fcomments&post=172457"}],"version-history":[{"count":0,"href":"https:\/\/diarioregionaldigital.com.br\/index.php?rest_route=\/wp\/v2\/posts\/172457\/revisions"}],"wp:featuredmedia":[{"embeddable":true,"href":"https:\/\/diarioregionaldigital.com.br\/index.php?rest_route=\/wp\/v2\/media\/172454"}],"wp:attachment":[{"href":"https:\/\/diarioregionaldigital.com.br\/index.php?rest_route=%2Fwp%2Fv2%2Fmedia&parent=172457"}],"wp:term":[{"taxonomy":"category","embeddable":true,"href":"https:\/\/diarioregionaldigital.com.br\/index.php?rest_route=%2Fwp%2Fv2%2Fcategories&post=172457"},{"taxonomy":"post_tag","embeddable":true,"href":"https:\/\/diarioregionaldigital.com.br\/index.php?rest_route=%2Fwp%2Fv2%2Ftags&post=172457"}],"curies":[{"name":"wp","href":"https:\/\/api.w.org\/{rel}","templated":true}]}}