{"id":172450,"date":"2020-11-05T17:30:41","date_gmt":"2020-11-05T20:30:41","guid":{"rendered":"https:\/\/diarioregionaldigital.com.br\/?p=172450"},"modified":"2020-11-05T17:30:41","modified_gmt":"2020-11-05T20:30:41","slug":"situacao-dos-funcionarios-da-gil-segue-indefinida-mesmo-apos-reuniao-no-ministerio-publico-do-trabalho","status":"publish","type":"post","link":"https:\/\/diarioregionaldigital.com.br\/?p=172450","title":{"rendered":"Situa\u00e7\u00e3o dos funcion\u00e1rios da GIL segue indefinida, mesmo ap\u00f3s reuni\u00e3o no Minist\u00e9rio P\u00fablico do Trabalho"},"content":{"rendered":"<p><span style=\"font-weight: 400;\">A situa\u00e7\u00e3o dos trabalhadores da empresa Via\u00e7\u00e3o Goretti Irm\u00e3os Ltda (GIL), segue indefinida, mesmo ap\u00f3s a categoria se reunir no Minist\u00e9rio P\u00fablico do Trabalho (MPT) na quarta-feira (4). Ao todo, cerca de 600 funcion\u00e1rios cruzaram os bra\u00e7os na \u00faltima sexta-feira (30), por conta do n\u00e3o pagamento das parcelas de t\u00edquete-alimenta\u00e7\u00e3o, bem como na quita\u00e7\u00e3o dos sal\u00e1rios.<\/span><\/p>\n<p><span style=\"font-weight: 400;\">Conforme o Sindicato dos Trabalhadores em Empresas de Transporte Coletivo Urbano de Juiz de Fora (Sinttro-JF), estiveram presentes no encontro, os representantes das empresas que fazem parte do Transporte Coletivo Urbano (TCU), a Prefeitura de Juiz de Fora (PJF) e tamb\u00e9m os representantes sindicais.<\/span><\/p>\n<p><span style=\"font-weight: 400;\">Segundo informa\u00e7\u00f5es do Sinttro, a GIL relatou que n\u00e3o tem condi\u00e7\u00f5es de pagar os sal\u00e1rios de seus funcion\u00e1rios e n\u00e3o tem previs\u00e3o para quitar os d\u00e9bitos, referentes ao m\u00eas de outubro.\u00a0<\/span><\/p>\n<p><span style=\"font-weight: 400;\">Buscando uma solu\u00e7\u00e3o para o caso, o sindicato defende a ideia de transferir as linhas operadas pela GIL e tamb\u00e9m de seus funcion\u00e1rios, para as outras empresas que comp\u00f5em o sistema de transporte coletivo na cidade. Por\u00e9m, a assessoria da Auto Nossa Senhora Aparecida Ltda (Ansal),\u00a0 nega que existem conversas para tratar do assunto. J\u00e1 as diretorias da Gil, Via\u00e7\u00e3o Tusmil e Via\u00e7\u00e3o S\u00e3o Francisco Ltda., ainda n\u00e3o se posicionaram sobre o caso.<\/span><\/p>\n<p><b>Nova reuni\u00e3o<\/b><\/p>\n<p><span style=\"font-weight: 400;\">Nesta sexta-feira (6), haver\u00e1 uma reuni\u00e3o entre o Sinttro e a GIL no Tribunal Regional do Trabalho (TRT), para discutir sobre a paralisa\u00e7\u00e3o das atividades por parte dos funcion\u00e1rios. Se n\u00e3o houver avan\u00e7o nas conversas, o Sinttro indica que o cen\u00e1rio continuar\u00e1 com 50% da frota dos \u00f4nibus, que operam nas linhas da GIL.<\/span><\/p>\n<p><span style=\"font-weight: 400;\">Al\u00e9m disso, o Sindicato informa que ser\u00e1 realizado um novo encontro no MPT, marcado para a pr\u00f3xima quarta-feira (11).\u00a0<\/span><\/p>\n<p><b>Penhora e bloqueio de bens da GIL<\/b><\/p>\n<p><span style=\"font-weight: 400;\">Nessa semana, o juiz <\/span><span style=\"font-weight: 400;\">Tarc\u00edsio Corr\u00eaa de Brito, do Tribunal Regional do Trabalho da 3\u00aa Regi\u00e3o, assinou um documento no qual determina a penhora e bloqueio de bens da GIL. O objetivo \u00e9 sanar as d\u00edvidas trabalhistas da empresa. Al\u00e9m disso, a decis\u00e3o judicial \u00e9 referente ao descumprimento ou atraso dos processos pontuais dos trabalhadores.<\/span><\/p>\n<p><span style=\"font-weight: 400;\">O documento emitido pela Justi\u00e7a no \u00faltimo dia 27 de outubro, determina que todas as certid\u00f5es referentes \u00e0 penhora, sejam fornecidas dentro do prazo de 20 dias.<\/span><\/p>\n<p><b>Paralisa\u00e7\u00e3o em agosto<\/b><\/p>\n<p><span style=\"font-weight: 400;\">No dia 18 de agosto, motoristas e cobradores de todas as empresas do Transporte Coletivo Urbano (TCU), entraram em greve, ap\u00f3s serem recusadas as propostas de redu\u00e7\u00e3o das cestas b\u00e1sicas e tamb\u00e9m do corte de 50% dos sal\u00e1rios.\u00a0<\/span><\/p>\n<p><span style=\"font-weight: 400;\">A categoria reivindicou tamb\u00e9m a manuten\u00e7\u00e3o de no m\u00ednimo, 70% da jornada de trabalho e dos sal\u00e1rios atuais, uma vez que as concession\u00e1rias teriam proposto corte de 50% das horas trabalhadas. Diante da situa\u00e7\u00e3o, a Prefeitura de Juiz de Fora (PJF) autorizou \u00e0s vans escolares de transportarem passageiros, como previsto em Decreto, no mesmo valor da tarifa de \u00f4nibus, R$ 3,75. Ao todo, cerca de 260 ve\u00edculos estiveram em circula\u00e7\u00e3o no munic\u00edpio.<\/span><\/p>\n<p><span style=\"font-weight: 400;\">A greve foi encerrada no dia 26 do mesmo m\u00eas, ap\u00f3s ambas as partes chegarem a um acordo e os trabalhadores do transporte coletivo concordaram com: redu\u00e7\u00e3o do ticket alimenta\u00e7\u00e3o em 10%, retirada de alguns itens da cesta b\u00e1sica, estes at\u00e9 junho de 2021. Redu\u00e7\u00e3o da jornada de trabalho para no m\u00ednimo 60%, suspens\u00e3o do abono de f\u00e9rias e gratifica\u00e7\u00e3o por antiguidade e programa\u00e7\u00e3o de discuss\u00e3o do \u00edndice de reajuste, estes para janeiro de 2021.<\/span><\/p>\n<p><b>Nova greve em setembro<\/b><\/p>\n<p><span style=\"font-weight: 400;\">No dia 15 de setembro, os motoristas e cobradores da GIL, paralisaram novamente suas atividades, desta vez por conta da suspens\u00e3o do pagamento do plano de sa\u00fade. Contudo, os ve\u00edculos voltaram a circular na manh\u00e3 seguinte.<\/span><\/p>\n<p><b>Funcion\u00e1rios paralisam atividades no final de outubro<\/b><\/p>\n<p><span style=\"font-weight: 400;\">Na \u00faltima sexta-feira (30), cerca de 600 trabalhadores da GIL, paralisaram suas atividades pelo munic\u00edpio,\u00a0 por conta do n\u00e3o pagamento de parcelas de t\u00edquete-alimenta\u00e7\u00e3o e tamb\u00e9m pelo n\u00e3o pagamento dos sal\u00e1rios.\u00a0<\/span><\/p>\n<p><span style=\"font-weight: 400;\">Foi feita uma proposta de parcelar o t\u00edquete, sendo que a primeira delas havia sido paga durante o m\u00eas passado. A outra metade seria quitada at\u00e9 o \u00faltimo dia 25, entretanto, os trabalhadores n\u00e3o aceitaram e manifestaram pelo pagamento integral do restante do t\u00edquete.<\/span><\/p>\n<p><b>Crise nas empresas de \u00f4nibus<\/b><\/p>\n<p><span style=\"font-weight: 400;\">Por conta da pandemia do novo Coronav\u00edrus, as empresas de \u00f4nibus do munic\u00edpio t\u00eam d\u00edvidas de R$ 7 milh\u00f5es desde o m\u00eas de mar\u00e7o, conforme a Astransp. Segundo informa\u00e7\u00f5es dos cons\u00f3rcios, desde outubro de 2019, o n\u00famero de passageiros pagantes ultrapassou a marca de 7 milh\u00f5es. J\u00e1 em mar\u00e7o e abril deste ano, o n\u00famero caiu para 4,9 e 2,2 milh\u00f5es respectivamente.<\/span><\/p>\n<p><span style=\"font-weight: 400;\">Diante disso, as empresas alegam que a queda de usu\u00e1rios nos \u00f4nibus gerou desequil\u00edbrio financeiro e no contrato de recess\u00e3o. Al\u00e9m disso, os representantes j\u00e1 se reuniram com a Prefeitura de Juiz de Fora, para negociar reequil\u00edbrio financeiro dos contratos de concess\u00e3o do transporte.<\/span><\/p>\n","protected":false},"excerpt":{"rendered":"<p>A situa\u00e7\u00e3o dos trabalhadores da empresa Via\u00e7\u00e3o Goretti Irm\u00e3os Ltda (GIL), segue indefinida, mesmo ap\u00f3s a categoria se reunir no Minist\u00e9rio P\u00fablico do Trabalho (MPT) na quarta-feira (4). Ao todo, cerca de 600 funcion\u00e1rios cruzaram os bra\u00e7os na \u00faltima sexta-feira (30), por conta do n\u00e3o pagamento das parcelas de t\u00edquete-alimenta\u00e7\u00e3o, bem como na quita\u00e7\u00e3o dos [&hellip;]<\/p>\n","protected":false},"author":96,"featured_media":172451,"comment_status":"closed","ping_status":"closed","sticky":false,"template":"","format":"standard","meta":{"footnotes":""},"categories":[253,436,440,439],"tags":[],"class_list":["post-172450","post","type-post","status-publish","format-standard","has-post-thumbnail","hentry","category-cidade","category-destaque-da-semana","category-destaques-do-dia","category-ultima-hora"],"_links":{"self":[{"href":"https:\/\/diarioregionaldigital.com.br\/index.php?rest_route=\/wp\/v2\/posts\/172450","targetHints":{"allow":["GET"]}}],"collection":[{"href":"https:\/\/diarioregionaldigital.com.br\/index.php?rest_route=\/wp\/v2\/posts"}],"about":[{"href":"https:\/\/diarioregionaldigital.com.br\/index.php?rest_route=\/wp\/v2\/types\/post"}],"author":[{"embeddable":true,"href":"https:\/\/diarioregionaldigital.com.br\/index.php?rest_route=\/wp\/v2\/users\/96"}],"replies":[{"embeddable":true,"href":"https:\/\/diarioregionaldigital.com.br\/index.php?rest_route=%2Fwp%2Fv2%2Fcomments&post=172450"}],"version-history":[{"count":0,"href":"https:\/\/diarioregionaldigital.com.br\/index.php?rest_route=\/wp\/v2\/posts\/172450\/revisions"}],"wp:featuredmedia":[{"embeddable":true,"href":"https:\/\/diarioregionaldigital.com.br\/index.php?rest_route=\/wp\/v2\/media\/172451"}],"wp:attachment":[{"href":"https:\/\/diarioregionaldigital.com.br\/index.php?rest_route=%2Fwp%2Fv2%2Fmedia&parent=172450"}],"wp:term":[{"taxonomy":"category","embeddable":true,"href":"https:\/\/diarioregionaldigital.com.br\/index.php?rest_route=%2Fwp%2Fv2%2Fcategories&post=172450"},{"taxonomy":"post_tag","embeddable":true,"href":"https:\/\/diarioregionaldigital.com.br\/index.php?rest_route=%2Fwp%2Fv2%2Ftags&post=172450"}],"curies":[{"name":"wp","href":"https:\/\/api.w.org\/{rel}","templated":true}]}}