{"id":172447,"date":"2020-11-05T17:11:06","date_gmt":"2020-11-05T20:11:06","guid":{"rendered":"https:\/\/diarioregionaldigital.com.br\/?p=172447"},"modified":"2020-11-05T17:11:06","modified_gmt":"2020-11-05T20:11:06","slug":"governo-de-minas-anuncia-desenvolvimento-de-soro-contra-covid-19","status":"publish","type":"post","link":"https:\/\/diarioregionaldigital.com.br\/?p=172447","title":{"rendered":"Governo de Minas anuncia desenvolvimento de soro contra covid-19"},"content":{"rendered":"<p>Pesquisadores da\u00a0<a href=\"http:\/\/www.funed.mg.gov.br\/\" target=\"_blank\" rel=\"noopener noreferrer\">Funda\u00e7\u00e3o Ezequiel Dias (Funed)<\/a>\u00a0come\u00e7aram, nesta semana, a imuniza\u00e7\u00e3o de cavalos para a produ\u00e7\u00e3o de soro contra o coronav\u00edrus. A finaliza\u00e7\u00e3o de lotes-pilotos com 5 mil ampolas para estudos cl\u00ednicos est\u00e1 prevista para janeiro de 2021. O soro para o tratamento da covid-19 \u00e9 desenvolvido a partir de anticorpos de cavalos imunizados pelo v\u00edrus inativado SARS-CoV-2. O uso do soro ser\u00e1 restrito ao ambiente hospitalar a partir de prescri\u00e7\u00e3o m\u00e9dica.<\/p>\n<p>\u201cEsse \u00e9 um projeto que demonstra os esfor\u00e7os e os investimentos do\u00a0<a href=\"http:\/\/www.mg.gov.br\/\" target=\"_blank\" rel=\"noopener noreferrer\">Governo de Minas<\/a>\u00a0em pesquisa, inova\u00e7\u00e3o e desenvolvimento de novos produtos para o enfrentamento da pandemia\u201d, afirma o secret\u00e1rio de Estado de\u00a0<a href=\"http:\/\/www.saude.mg.gov.br\/\" target=\"_blank\" rel=\"noopener noreferrer\">Sa\u00fade (SES-MG)<\/a>, Carlos Eduardo Amaral.<\/p>\n<p>\u201cA redu\u00e7\u00e3o de casos no estado n\u00e3o significa que as a\u00e7\u00f5es do governo cessaram. Pelo contr\u00e1rio. Continuamos mobilizados e trabalhando em projetos de m\u00e9dio prazo, como \u00e9 o caso da produ\u00e7\u00e3o do soro que est\u00e1 sendo desenvolvido pela Funed\u201d, observa Amaral.<\/p>\n<p><b>Cen\u00e1rio<\/b><\/p>\n<p>Em Minas Gerais, at\u00e9 o dia 5\/11, foram registrados 364.541 casos confirmados de covid-19 e 9.128 \u00f3bitos. S\u00e3o 20.044 casos em acompanhamento e 335.369 pessoas foram recuperadas. \u201cEnquanto n\u00e3o h\u00e1 tratamentos antivirais espec\u00edficos e vacinas aprovadas, o desenvolvimento do soro deve ser considerado uma op\u00e7\u00e3o para o tratamento da infec\u00e7\u00e3o\u201d, explica o chefe do Laborat\u00f3rio de Biotecnologia e Sa\u00fade da Funed e coordenador da pesquisa para o desenvolvimento do soro anti-covid-19, S\u00e9rgio Caldas.<\/p>\n<p>H\u00e1 mais de cem anos a Funed tem acumulado experi\u00eancia para a produ\u00e7\u00e3o de soro, al\u00e9m de contar com toda infraestrutura para o desenvolvimento do tratamento anti-SARS-CoV-2. A institui\u00e7\u00e3o disp\u00f5e de toda cadeia para desenvolvimento, produ\u00e7\u00e3o e conhecimento existentes para a produ\u00e7\u00e3o de soros antipe\u00e7onhentos, antitoxinas e antiviral em atendimento ao Sistema \u00danico de Sa\u00fade (SUS) em Minas Gerais e no Brasil.<\/p>\n<p>Segundo o coordenador da pesquisa, em uma \u00fanica institui\u00e7\u00e3o, em Minas Gerais, est\u00e3o dispon\u00edveis todos os requisitos necess\u00e1rios para o desenvolvimento do produto: a mat\u00e9ria-prima \u2013 o v\u00edrus circulante proveniente do diagn\u00f3stico e seu isolamento em laborat\u00f3rio com alto n\u00edvel de biosseguran\u00e7a (NB3) \u2013, a pesquisa cient\u00edfica e o parque industrial para produ\u00e7\u00e3o em grande escala.<\/p>\n<p>A partir de estudos cl\u00ednicos para valida\u00e7\u00e3o da seguran\u00e7a e efic\u00e1cia do soro ser\u00e1 solicitado o registro na Anvisa (Ag\u00eancia Nacional de Vigil\u00e2ncia Sanit\u00e1ria) para a produ\u00e7\u00e3o de lotes industriais em larga escala.<\/p>\n<p><b><strong>Investimentos<\/strong><\/b><\/p>\n<p>Por meio da\u00a0<a href=\"http:\/\/www.fapemig.br\/\" target=\"_blank\" rel=\"noopener noreferrer\">Funda\u00e7\u00e3o de Amparo \u00e0 Pesquisa do Estado de Minas Gerais (Fapemig)<\/a>, que aprovou o projeto, a Funed recebeu R$ 213 mil que est\u00e3o sendo utilizados para as etapas de desenvolvimento do produto e testes de imuniza\u00e7\u00e3o. A produ\u00e7\u00e3o dos lotes-pilotos ir\u00e1 receber investimento do Governo de Minas para a produ\u00e7\u00e3o.<\/p>\n<p>\u201cVamos otimizar os recursos or\u00e7ament\u00e1rios estaduais ao lan\u00e7armos m\u00e3o de toda a nossa estrutura integrada. Al\u00e9m disso, n\u00e3o ser\u00e1 necess\u00e1rio investimento em f\u00e1brica, pois vamos usar a mesma estrutura que a Funed j\u00e1 tem para a produ\u00e7\u00e3o dos demais soros\u201d, ressalta o presidente em exerc\u00edcio da Funed, Ronei Monteiro.<\/p>\n<p>Ainda segundo Monteiro, todas as fases est\u00e3o sendo executadas na Funed \u2013 da pesquisa cient\u00edfica e desenvolvimento ao produto industrial, \u201co que contribui para a otimiza\u00e7\u00e3o de toda a cadeia, com redu\u00e7\u00e3o do tempo de produ\u00e7\u00e3o e distribui\u00e7\u00e3o para o SUS\u201d, refor\u00e7a.<\/p>\n<p><strong>Fonte:\u00a0<\/strong>Ag\u00eancia Minas<\/p>\n","protected":false},"excerpt":{"rendered":"<p>Pesquisadores da\u00a0Funda\u00e7\u00e3o Ezequiel Dias (Funed)\u00a0come\u00e7aram, nesta semana, a imuniza\u00e7\u00e3o de cavalos para a produ\u00e7\u00e3o de soro contra o coronav\u00edrus. A finaliza\u00e7\u00e3o de lotes-pilotos com 5 mil ampolas para estudos cl\u00ednicos est\u00e1 prevista para janeiro de 2021. O soro para o tratamento da covid-19 \u00e9 desenvolvido a partir de anticorpos de cavalos imunizados pelo v\u00edrus inativado [&hellip;]<\/p>\n","protected":false},"author":96,"featured_media":172448,"comment_status":"closed","ping_status":"closed","sticky":false,"template":"","format":"standard","meta":{"footnotes":""},"categories":[436,254,439],"tags":[],"class_list":["post-172447","post","type-post","status-publish","format-standard","has-post-thumbnail","hentry","category-destaque-da-semana","category-politica","category-ultima-hora"],"_links":{"self":[{"href":"https:\/\/diarioregionaldigital.com.br\/index.php?rest_route=\/wp\/v2\/posts\/172447","targetHints":{"allow":["GET"]}}],"collection":[{"href":"https:\/\/diarioregionaldigital.com.br\/index.php?rest_route=\/wp\/v2\/posts"}],"about":[{"href":"https:\/\/diarioregionaldigital.com.br\/index.php?rest_route=\/wp\/v2\/types\/post"}],"author":[{"embeddable":true,"href":"https:\/\/diarioregionaldigital.com.br\/index.php?rest_route=\/wp\/v2\/users\/96"}],"replies":[{"embeddable":true,"href":"https:\/\/diarioregionaldigital.com.br\/index.php?rest_route=%2Fwp%2Fv2%2Fcomments&post=172447"}],"version-history":[{"count":0,"href":"https:\/\/diarioregionaldigital.com.br\/index.php?rest_route=\/wp\/v2\/posts\/172447\/revisions"}],"wp:featuredmedia":[{"embeddable":true,"href":"https:\/\/diarioregionaldigital.com.br\/index.php?rest_route=\/wp\/v2\/media\/172448"}],"wp:attachment":[{"href":"https:\/\/diarioregionaldigital.com.br\/index.php?rest_route=%2Fwp%2Fv2%2Fmedia&parent=172447"}],"wp:term":[{"taxonomy":"category","embeddable":true,"href":"https:\/\/diarioregionaldigital.com.br\/index.php?rest_route=%2Fwp%2Fv2%2Fcategories&post=172447"},{"taxonomy":"post_tag","embeddable":true,"href":"https:\/\/diarioregionaldigital.com.br\/index.php?rest_route=%2Fwp%2Fv2%2Ftags&post=172447"}],"curies":[{"name":"wp","href":"https:\/\/api.w.org\/{rel}","templated":true}]}}