{"id":172441,"date":"2020-11-05T15:56:55","date_gmt":"2020-11-05T18:56:55","guid":{"rendered":"https:\/\/diarioregionaldigital.com.br\/?p=172441"},"modified":"2020-11-05T15:56:55","modified_gmt":"2020-11-05T18:56:55","slug":"brasileiras-julia-ayoub-e-antonella-bassani-avancam-para-a-final-do-programa-girls-on-track","status":"publish","type":"post","link":"https:\/\/diarioregionaldigital.com.br\/?p=172441","title":{"rendered":"Brasileiras J\u00falia Ayoub e Antonella Bassani avan\u00e7am para a final do programa &#8216;Girls on Track&#8217;"},"content":{"rendered":"<p><span style=\"font-weight: 400;\">As brasileiras J\u00falia Ayoub e Antonella Bassani, est\u00e3o garantidas entre as quatro finalistas do programa \u2018Girls on Track\u2019 (Garotas na Pista em portugu\u00eas), promovido pela Federa\u00e7\u00e3o Internacional de Automobilismo (FIA). As outras duas concorrentes s\u00e3o a francesa Pino Doriane e a holandesa Maya Weug.<\/span><\/p>\n<p><span style=\"font-weight: 400;\">No \u00faltimo est\u00e1gio do programa, as atletas participaram de sess\u00f5es de treinamentos, durante per\u00edodo de tr\u00eas dias no Circuito de Paul Ricard, na Fran\u00e7a. Naquela ocasi\u00e3o, oito pilotos deram voltas pelo circuito franc\u00eas, a bordo dos carros da F\u00f3rmula 4, tendo como meta o tempo estabelecido por Arthur Leclerc, irm\u00e3o do piloto da Ferrari, Charles Leclerc. Ap\u00f3s a conclus\u00e3o da fase, as quatro concorrentes, citadas no in\u00edcio da mat\u00e9ria, avan\u00e7aram no programa.<\/span><\/p>\n<p><span style=\"font-weight: 400;\">Nesta nova etapa, todas as participantes ir\u00e3o passar pela fase final de treinamento e avalia\u00e7\u00e3o, o qual ser\u00e1 realizado na sede da Ferrari Driver Academy em Maranello na It\u00e1lia. Uma delas, poder\u00e1 assinar um contrato de uma temporada da F\u00f3rmula 4.<\/span><\/p>\n<p><span style=\"font-weight: 400;\">O programa \u2018Girls on Track\u2019, foi criado no m\u00eas de junho pela FIA e tamb\u00e9m pela academia da Ferrari, com o objetivo de incluir as mulheres cada vez mais e mais no esporte a motor. As participantes t\u00eam idade de 12 a 16 anos.<\/span><\/p>\n<p>&nbsp;<\/p>\n","protected":false},"excerpt":{"rendered":"<p>As brasileiras J\u00falia Ayoub e Antonella Bassani, est\u00e3o garantidas entre as quatro finalistas do programa \u2018Girls on Track\u2019 (Garotas na Pista em portugu\u00eas), promovido pela Federa\u00e7\u00e3o Internacional de Automobilismo (FIA). As outras duas concorrentes s\u00e3o a francesa Pino Doriane e a holandesa Maya Weug. No \u00faltimo est\u00e1gio do programa, as atletas participaram de sess\u00f5es de [&hellip;]<\/p>\n","protected":false},"author":96,"featured_media":172442,"comment_status":"closed","ping_status":"closed","sticky":false,"template":"","format":"standard","meta":{"footnotes":""},"categories":[436,257,439],"tags":[],"class_list":["post-172441","post","type-post","status-publish","format-standard","has-post-thumbnail","hentry","category-destaque-da-semana","category-esporte","category-ultima-hora"],"_links":{"self":[{"href":"https:\/\/diarioregionaldigital.com.br\/index.php?rest_route=\/wp\/v2\/posts\/172441","targetHints":{"allow":["GET"]}}],"collection":[{"href":"https:\/\/diarioregionaldigital.com.br\/index.php?rest_route=\/wp\/v2\/posts"}],"about":[{"href":"https:\/\/diarioregionaldigital.com.br\/index.php?rest_route=\/wp\/v2\/types\/post"}],"author":[{"embeddable":true,"href":"https:\/\/diarioregionaldigital.com.br\/index.php?rest_route=\/wp\/v2\/users\/96"}],"replies":[{"embeddable":true,"href":"https:\/\/diarioregionaldigital.com.br\/index.php?rest_route=%2Fwp%2Fv2%2Fcomments&post=172441"}],"version-history":[{"count":0,"href":"https:\/\/diarioregionaldigital.com.br\/index.php?rest_route=\/wp\/v2\/posts\/172441\/revisions"}],"wp:featuredmedia":[{"embeddable":true,"href":"https:\/\/diarioregionaldigital.com.br\/index.php?rest_route=\/wp\/v2\/media\/172442"}],"wp:attachment":[{"href":"https:\/\/diarioregionaldigital.com.br\/index.php?rest_route=%2Fwp%2Fv2%2Fmedia&parent=172441"}],"wp:term":[{"taxonomy":"category","embeddable":true,"href":"https:\/\/diarioregionaldigital.com.br\/index.php?rest_route=%2Fwp%2Fv2%2Fcategories&post=172441"},{"taxonomy":"post_tag","embeddable":true,"href":"https:\/\/diarioregionaldigital.com.br\/index.php?rest_route=%2Fwp%2Fv2%2Ftags&post=172441"}],"curies":[{"name":"wp","href":"https:\/\/api.w.org\/{rel}","templated":true}]}}