{"id":172438,"date":"2020-11-05T15:31:07","date_gmt":"2020-11-05T18:31:07","guid":{"rendered":"https:\/\/diarioregionaldigital.com.br\/?p=172438"},"modified":"2020-11-05T15:31:07","modified_gmt":"2020-11-05T18:31:07","slug":"arabia-saudita-entra-para-o-calendario-da-f1-em-2021","status":"publish","type":"post","link":"https:\/\/diarioregionaldigital.com.br\/?p=172438","title":{"rendered":"Ar\u00e1bia Saudita entra para o calend\u00e1rio da F1 em 2021"},"content":{"rendered":"<p><span style=\"font-weight: 400;\">Pela primeira vez em sua hist\u00f3ria, a Ar\u00e1bia Saudita entrar\u00e1 no calend\u00e1rio da F1, a partir da temporada 2021. O an\u00fancio foi feito pela pr\u00f3pria dire\u00e7\u00e3o da categoria m\u00e1xima do automobilismo mundial, nessa quinta-feira (5).<\/span><\/p>\n<p><span style=\"font-weight: 400;\">At\u00e9 ent\u00e3o n\u00e3o foram revelados detalhes aprofundados sobre a novidade, por\u00e9m foi confirmado que a prova ser\u00e1 realizada no m\u00eas de novembro e que ser\u00e1 circuito de rua, a ser constru\u00eddo nas ruas de Jid\u00e1, segunda maior cidade do pa\u00eds \u00e1rabe. Diante disso, ser\u00e1 a terceira na\u00e7\u00e3o do Oriente M\u00e9dio, a receber a categoria, junto com Bahrein e Abu Dhabi nos Emirados \u00c1rabes Unidos.<\/span><\/p>\n<p><span style=\"font-weight: 400;\">Conforme o CEO da Liberty Media, empresa que det\u00e9m os direitos da F1, Casey Carey, a etapa ser\u00e1 inclu\u00edda no calend\u00e1rio provis\u00f3rio de 2021 pelas pr\u00f3ximas semanas e passar\u00e1 pelo processo de aprova\u00e7\u00e3o pelo <\/span><span style=\"font-weight: 400;\">Conselho Mundial da Federa\u00e7\u00e3o Internacional de Automobilismo (FIA):<\/span><\/p>\n<p><span style=\"font-weight: 400;\">&#8220;Estamos entusiasmados em receber a Ar\u00e1bia Saudita na F\u00f3rmula 1 para a temporada de 2021 e saudar seu an\u00fancio ap\u00f3s especula\u00e7\u00f5es nos \u00faltimos dias. A regi\u00e3o \u00e9 extremamente importante para n\u00f3s e com 70% da popula\u00e7\u00e3o saudita com menos de 30 anos, estamos entusiasmados com o potencial de alcan\u00e7ar novos f\u00e3s e trazer nossos f\u00e3s existentes ao redor do mundo emocionantes de um local incr\u00edvel e hist\u00f3rico. Publicaremos nosso calend\u00e1rio provis\u00f3rio completo para 2021 nas pr\u00f3ximas semanas e isso ser\u00e1 submetido ao Conselho Mundial de Automobilismo para aprova\u00e7\u00e3o&#8221; diz Casey Carey.<\/span><\/p>\n<p><span style=\"font-weight: 400;\">J\u00e1 o pr\u00edncipe e Ministro do Esporte, Abdulaziz Bin Turki AlFaisal Al Saud, celebra a inclus\u00e3o da Ar\u00e1bia Saudita no calend\u00e1rio e diz que o esporte tem contribu\u00eddo para o crescimento do pa\u00eds:<\/span><\/p>\n<p><span style=\"font-weight: 400;\">\u201cA Ar\u00e1bia Saudita est\u00e1 acelerando, e a velocidade, energia e entusiasmo da F\u00f3rmula 1 refletem perfeitamente a jornada de transforma\u00e7\u00e3o que o pa\u00eds est\u00e1 trilhando. Como testemunhamos nos \u00faltimos anos, nosso pessoal deseja estar no centro dos maiores momentos do esporte e entretenimento ao vivo. E eles n\u00e3o s\u00e3o maiores do que a F\u00f3rmula 1. N\u00e3o importa onde no mundo seja realizada, a F\u00f3rmula 1 \u00e9 um evento que re\u00fane as pessoas para celebrar uma ocasi\u00e3o que vai muito al\u00e9m do esporte. Estamos ansiosos para compartilhar esta experi\u00eancia \u00fanica e compartilhar Jid\u00e1 com o mundo. Para muitos sauditas, isso ser\u00e1 um sonho que se tornou realidade\u201d.<\/span><\/p>\n<p><b>Pol\u00eamicas sobre o GP<\/b><\/p>\n<p><span style=\"font-weight: 400;\">Mesmo com a confirma\u00e7\u00e3o da etapa no calend\u00e1rio da pr\u00f3xima temporada, a novidade foi alvo de pol\u00eamicas, segundo a imprensa internacional. Dias antes do an\u00fancio oficial, a Anistia Internacional emitiu um alerta sobre a realiza\u00e7\u00e3o do Grande Pr\u00eamio, no qual alega que a Ar\u00e1bia Saudita estaria tentando desviar a aten\u00e7\u00e3o das acusa\u00e7\u00f5es de viola\u00e7\u00e3o dos direitos humanos das quais o governo saudita \u00e9 alvo.\u00a0<\/span><\/p>\n<p><span style=\"font-weight: 400;\">Al\u00e9m disso, a na\u00e7\u00e3o que seria uma das candidatas a compor o Conselho dos Direitos Humanos da Organiza\u00e7\u00e3o das Na\u00e7\u00f5es Unidas (ONU), teve sua candidatura negada, por ter sido vista tamb\u00e9m como uma tentativa de melhorar a imagem p\u00fablica do pa\u00eds.<\/span><\/p>\n<p><span style=\"font-weight: 400;\">Outra quest\u00e3o que foi abordada pela imprensa internacional, \u00e9 a respeito das medidas feitas pelo governo local, como por exemplo: pris\u00f5es, julgamentos, torturas e execu\u00e7\u00f5es direcionados para opositores, ativistas e jornalistas, e de uma s\u00e9rie de proibi\u00e7\u00f5es que limitam os direitos das mulheres no pa\u00eds. Inclusive, a homosexualidade \u00e9 considerado ato criminal por l\u00e1 e os cidad\u00e3os n\u00e3o tem permiss\u00e3o para passear com c\u00e3es pelas ruas, uma vez que o animal \u00e9 considerado impuro pelo Isl\u00e3.<\/span><\/p>\n<p><span style=\"font-weight: 400;\">O porta-voz da Anistia Internacional, Felix Jakens, comentou sobre a realiza\u00e7\u00e3o do Grande Pr\u00eamio no pa\u00eds, \u201cAs autoridades sauditas aparentemente veem o esporte de elite como um meio de melhorar sua reputa\u00e7\u00e3o gravemente prejudicada. Nos preparativos para a corrida em Jeddah, pedimos urgentemente para todos os pilotos, propriet\u00e1rios e equipes da F1 que considerem falar sobre a situa\u00e7\u00e3o dos direitos humanos no pa\u00eds\u201d.<\/span><\/p>\n","protected":false},"excerpt":{"rendered":"<p>Pela primeira vez em sua hist\u00f3ria, a Ar\u00e1bia Saudita entrar\u00e1 no calend\u00e1rio da F1, a partir da temporada 2021. O an\u00fancio foi feito pela pr\u00f3pria dire\u00e7\u00e3o da categoria m\u00e1xima do automobilismo mundial, nessa quinta-feira (5). At\u00e9 ent\u00e3o n\u00e3o foram revelados detalhes aprofundados sobre a novidade, por\u00e9m foi confirmado que a prova ser\u00e1 realizada no m\u00eas [&hellip;]<\/p>\n","protected":false},"author":96,"featured_media":172439,"comment_status":"closed","ping_status":"closed","sticky":false,"template":"","format":"standard","meta":{"footnotes":""},"categories":[436,257,439],"tags":[],"class_list":["post-172438","post","type-post","status-publish","format-standard","has-post-thumbnail","hentry","category-destaque-da-semana","category-esporte","category-ultima-hora"],"_links":{"self":[{"href":"https:\/\/diarioregionaldigital.com.br\/index.php?rest_route=\/wp\/v2\/posts\/172438","targetHints":{"allow":["GET"]}}],"collection":[{"href":"https:\/\/diarioregionaldigital.com.br\/index.php?rest_route=\/wp\/v2\/posts"}],"about":[{"href":"https:\/\/diarioregionaldigital.com.br\/index.php?rest_route=\/wp\/v2\/types\/post"}],"author":[{"embeddable":true,"href":"https:\/\/diarioregionaldigital.com.br\/index.php?rest_route=\/wp\/v2\/users\/96"}],"replies":[{"embeddable":true,"href":"https:\/\/diarioregionaldigital.com.br\/index.php?rest_route=%2Fwp%2Fv2%2Fcomments&post=172438"}],"version-history":[{"count":0,"href":"https:\/\/diarioregionaldigital.com.br\/index.php?rest_route=\/wp\/v2\/posts\/172438\/revisions"}],"wp:featuredmedia":[{"embeddable":true,"href":"https:\/\/diarioregionaldigital.com.br\/index.php?rest_route=\/wp\/v2\/media\/172439"}],"wp:attachment":[{"href":"https:\/\/diarioregionaldigital.com.br\/index.php?rest_route=%2Fwp%2Fv2%2Fmedia&parent=172438"}],"wp:term":[{"taxonomy":"category","embeddable":true,"href":"https:\/\/diarioregionaldigital.com.br\/index.php?rest_route=%2Fwp%2Fv2%2Fcategories&post=172438"},{"taxonomy":"post_tag","embeddable":true,"href":"https:\/\/diarioregionaldigital.com.br\/index.php?rest_route=%2Fwp%2Fv2%2Ftags&post=172438"}],"curies":[{"name":"wp","href":"https:\/\/api.w.org\/{rel}","templated":true}]}}