{"id":172434,"date":"2020-11-05T14:57:45","date_gmt":"2020-11-05T17:57:45","guid":{"rendered":"https:\/\/diarioregionaldigital.com.br\/?p=172434"},"modified":"2020-11-05T14:57:45","modified_gmt":"2020-11-05T17:57:45","slug":"brasileiros-treinam-pela-primeira-vez-na-china-para-copa-do-mundo-de-tenis-de-mesa","status":"publish","type":"post","link":"https:\/\/diarioregionaldigital.com.br\/?p=172434","title":{"rendered":"Brasileiros treinam pela primeira vez na China para Copa do Mundo de T\u00eanis de Mesa"},"content":{"rendered":"<p><span style=\"font-weight: 400;\">Depois de uma semana de isolamento social em seus quartos em Weihai, na China, Gustavo Tsuboi e Hugo Calderano puderam sair e treinar pela primeira vez, no local onde ser\u00e1 disputada a Copa do Mundo Masculina, a partir do dia 13. Uma sensa\u00e7\u00e3o de al\u00edvio, mas com a certeza de que todos os cuidados com a sa\u00fade est\u00e3o sendo observados pela Federa\u00e7\u00e3o Internacional de T\u00eanis de Mesa (ITTF) no Restart, a \u201cbolha\u201d criada pelo t\u00eanis de mesa para oferecer seguran\u00e7a no retorno dos torneios internacionais.Neste per\u00edodo de uma semana, Calderano e Tsuboi n\u00e3o podiam deixar os quartos. Al\u00e9m de terem sido submetidos a testes antes do embarque e depois da chegada ao pa\u00eds asi\u00e1tico, tiveram as bagagens desinfetadas. <\/span> <span style=\"font-weight: 400;\">Desde que chegaram na China, eles j\u00e1 passaram por quatro testes para detec\u00e7\u00e3o da Covid-19. A cada dois dias, os atletas s\u00e3o submetidos novamente aos exames. Um membro da organiza\u00e7\u00e3o acompanha os atletas at\u00e9 o local de refei\u00e7\u00f5es e aos quartos. Os cuidados frequentes com a higieniza\u00e7\u00e3o continuar\u00e3o durante todo o per\u00edodo de treinos e o torneio.<\/span><\/p>\n<p><span style=\"font-weight: 400;\">\u201cS\u00f3 de sair do quarto, j\u00e1 \u00e9 uma boa sensa\u00e7\u00e3o. Treinei em dois per\u00edodos hoje. Por conta da atividade f\u00edsica que fiz no quarto neste per\u00edodo, n\u00e3o me senti t\u00e3o defasado. Claro, teve uma perda, foram quase 12 dias sem treinar na mesa, entre a viagem e a quarentena. Eles separaram em grupos, de acordo com os voos, e demos at\u00e9 sorte, pois eu, Calderano, Kanak Jha (norte-americano) e Simon Gauzy (franc\u00eas) podemos treinar juntos, enquanto atletas que vieram sozinhos com os t\u00e9cnicos s\u00f3 podem treinar entre eles, por enquanto\u201d, relata Tsuboi<\/span><\/p>\n<p><span style=\"font-weight: 400;\">\u201cDepois de v\u00e1rios dias sem poder sair do quarto no hotel, finalmente hoje eu pude treinar. Os cuidados com a nossa seguran\u00e7a aqui s\u00e3o enormes, mas n\u00e3o podia ser diferente. Estou feliz de poder voltar aos treinos e finalmente voltar \u00e0s competi\u00e7\u00f5es internacionais\u201d, disse Hugo Calderano, visivelmente aliviado em poder treinar novamente.<\/span><\/p>\n<p><span style=\"font-weight: 400;\">Este \u00e9 o terceiro isolamento que Calderano \u00e9 obrigado a passar num per\u00edodo de sete meses. Al\u00e9m do cumprido no in\u00edcio da pandemia, entre mar\u00e7o e abril, o brasileiro precisou ficar 11 dias isolado no m\u00eas passado, por conta de um caso de coronav\u00edrus na sua equipe, o Ochsenhausen. Ap\u00f3s esse per\u00edodo, treinou, fez dois jogos pela Bundesliga TT, a liga alem\u00e3 de t\u00eanis de mesa, viajou para a China e precisou ficar mais uma semana no quarto.<\/span><\/p>\n<p><span style=\"font-weight: 400;\">Os dois brasileiros est\u00e3o classificados para a Copa do Mundo Masculina por terem realizado a final da Copa Pan-Americana, em fevereiro, com vit\u00f3ria de Hugo Calderano. Sexto do ranking mundial, Calderano tamb\u00e9m est\u00e1 classificado para o 2020 ITTF Finals, que re\u00fane os principais atletas do Circuito Mundial, na semana seguinte, na China. Na Copa do Mundo, ele ser\u00e1 o cabe\u00e7a de chave n\u00famero 4, estreando apenas nas oitavas de final. Tsuboi, 44 do mundo na atualidade, passa pela fase de grupos.<\/span><\/p>\n<p><strong>Fonte:<\/strong> COB<\/p>\n","protected":false},"excerpt":{"rendered":"<p>Depois de uma semana de isolamento social em seus quartos em Weihai, na China, Gustavo Tsuboi e Hugo Calderano puderam sair e treinar pela primeira vez, no local onde ser\u00e1 disputada a Copa do Mundo Masculina, a partir do dia 13. Uma sensa\u00e7\u00e3o de al\u00edvio, mas com a certeza de que todos os cuidados com [&hellip;]<\/p>\n","protected":false},"author":96,"featured_media":172436,"comment_status":"closed","ping_status":"closed","sticky":false,"template":"","format":"standard","meta":{"footnotes":""},"categories":[436,257,439],"tags":[],"class_list":["post-172434","post","type-post","status-publish","format-standard","has-post-thumbnail","hentry","category-destaque-da-semana","category-esporte","category-ultima-hora"],"_links":{"self":[{"href":"https:\/\/diarioregionaldigital.com.br\/index.php?rest_route=\/wp\/v2\/posts\/172434","targetHints":{"allow":["GET"]}}],"collection":[{"href":"https:\/\/diarioregionaldigital.com.br\/index.php?rest_route=\/wp\/v2\/posts"}],"about":[{"href":"https:\/\/diarioregionaldigital.com.br\/index.php?rest_route=\/wp\/v2\/types\/post"}],"author":[{"embeddable":true,"href":"https:\/\/diarioregionaldigital.com.br\/index.php?rest_route=\/wp\/v2\/users\/96"}],"replies":[{"embeddable":true,"href":"https:\/\/diarioregionaldigital.com.br\/index.php?rest_route=%2Fwp%2Fv2%2Fcomments&post=172434"}],"version-history":[{"count":0,"href":"https:\/\/diarioregionaldigital.com.br\/index.php?rest_route=\/wp\/v2\/posts\/172434\/revisions"}],"wp:featuredmedia":[{"embeddable":true,"href":"https:\/\/diarioregionaldigital.com.br\/index.php?rest_route=\/wp\/v2\/media\/172436"}],"wp:attachment":[{"href":"https:\/\/diarioregionaldigital.com.br\/index.php?rest_route=%2Fwp%2Fv2%2Fmedia&parent=172434"}],"wp:term":[{"taxonomy":"category","embeddable":true,"href":"https:\/\/diarioregionaldigital.com.br\/index.php?rest_route=%2Fwp%2Fv2%2Fcategories&post=172434"},{"taxonomy":"post_tag","embeddable":true,"href":"https:\/\/diarioregionaldigital.com.br\/index.php?rest_route=%2Fwp%2Fv2%2Ftags&post=172434"}],"curies":[{"name":"wp","href":"https:\/\/api.w.org\/{rel}","templated":true}]}}