{"id":172431,"date":"2020-11-05T14:46:00","date_gmt":"2020-11-05T17:46:00","guid":{"rendered":"https:\/\/diarioregionaldigital.com.br\/?p=172431"},"modified":"2020-11-05T14:51:23","modified_gmt":"2020-11-05T17:51:23","slug":"concer-tera-seu-contrato-de-administracao-da-br-040-encerrado-em-fevereiro-de-2021","status":"publish","type":"post","link":"https:\/\/diarioregionaldigital.com.br\/?p=172431","title":{"rendered":"Concer ter\u00e1 seu contrato de administra\u00e7\u00e3o da BR-040 encerrado em fevereiro de 2021"},"content":{"rendered":"<p><span style=\"font-weight: 400;\">A Companhia de Concess\u00e3o Rodovi\u00e1ria (Concer), empresa que administra o trecho Juiz de Fora\/Rio de Janeiro na BR-040, ter\u00e1 seu contrato encerrado em fevereiro de 2021, segundo o Minist\u00e9rio da Infraestrutura.\u00a0<\/span><\/p>\n<p><span style=\"font-weight: 400;\">Conforme o \u00f3rg\u00e3o, a rodovia ser\u00e1 administrada Departamento Nacional de Infraestrutura de Transportes (DNIT), no m\u00eas de mar\u00e7o e assumir\u00e1 a gest\u00e3o, at\u00e9 o momento em que o Governo Federal realizar o leil\u00e3o, previsto para 2022.\u00a0<\/span><\/p>\n<p><span style=\"font-weight: 400;\">Enquanto a rodovia estiver sob a gest\u00e3o do DNIT, as tr\u00eas pra\u00e7as de ped\u00e1gios, localizados no Km 102 em Duque de Caxias,\u00a0 Km 45,5, em Areal e Km 816,7, em Sim\u00e3o Pereira, n\u00e3o far\u00e3o cobran\u00e7as das tarifas, at\u00e9 que a nova concess\u00e3o seja confirmada.\u00a0<\/span><\/p>\n<p><span style=\"font-weight: 400;\">Em cada ponto citado, todos contam com os Servi\u00e7os de Apoio ao Usu\u00e1rio (SAU); como oficina e atendimento m\u00e9dico; e Servi\u00e7os de Informa\u00e7\u00f5es ao Usu\u00e1rio (SIU). At\u00e9 ent\u00e3o, o Governo Federal n\u00e3o informou sobre como as respectivas estruturas ser\u00e3o utilizadas.\u00a0\u00a0\u00a0<\/span><\/p>\n<p><span style=\"font-weight: 400;\">A Concer\u00a0 iniciou a opera\u00e7\u00e3o da BR-040 em 1\u00ba de mar\u00e7o de 1996 e a cobran\u00e7a de ped\u00e1gio em 20 de agosto do mesmo ano. A sua gest\u00e3o opera um trecho de 180,4 Km e abrange os munic\u00edpios de Juiz de Fora, Matias Barbosa, Sim\u00e3o Pereira, Comendador Levy Gasparian, Tr\u00eas Rios, Areal, Petr\u00f3polis, Duque de Caxias e Rio de Janeiro.<\/span><\/p>\n<p><b>Nova concess\u00e3o<\/b><\/p>\n<p><span style=\"font-weight: 400;\">Segundo o Minist\u00e9rio da Infraestrutura, o processo de nova gest\u00e3o est\u00e1 em fase de estudos, por\u00e9m o escopo do projeto ser\u00e1 diferente em rela\u00e7\u00e3o ao contrato atual da Concer. O Governo Federal informa que at\u00e9 ent\u00e3o, n\u00e3o h\u00e1 defini\u00e7\u00f5es precisas de futuras mudan\u00e7as a serem implementadas. Diante do caso, a empresa diz que busca di\u00e1logo, antes que o prazo de administra\u00e7\u00e3o da BR-040 seja encerrado.\u00a0<\/span><\/p>\n<p><span style=\"font-weight: 400;\">No ano de 2018, a Associa\u00e7\u00e3o Nacional de Transportes Terrestres (ANTT), abriu um processo para cassar a gest\u00e3o da Concer na rodovia. Naquela ocasi\u00e3o, o \u00f3rg\u00e3o alegou que o contrato n\u00e3o estaria sendo cumprido por parte da concession\u00e1ria. Diante disso, iniciou as investiga\u00e7\u00f5es.<\/span><\/p>\n<p><span style=\"font-weight: 400;\">Inclusive, motoristas que circulam pelo trecho da 040, reclamam de problemas na conserva\u00e7\u00e3o da estrada, de buracos, de engarrafamentos e do pre\u00e7o do ped\u00e1gio. Al\u00e9m disso, o Tribunal de Contas da Uni\u00e3o (TCU) apontou uma poss\u00edvel suspeita de superfaturamento das obras da nova Subida da Serra de Petr\u00f3polis, avaliado em R$ 277 milh\u00f5es.<\/span><\/p>\n","protected":false},"excerpt":{"rendered":"<p>A Companhia de Concess\u00e3o Rodovi\u00e1ria (Concer), empresa que administra o trecho Juiz de Fora\/Rio de Janeiro na BR-040, ter\u00e1 seu contrato encerrado em fevereiro de 2021, segundo o Minist\u00e9rio da Infraestrutura.\u00a0 Conforme o \u00f3rg\u00e3o, a rodovia ser\u00e1 administrada Departamento Nacional de Infraestrutura de Transportes (DNIT), no m\u00eas de mar\u00e7o e assumir\u00e1 a gest\u00e3o, at\u00e9 o [&hellip;]<\/p>\n","protected":false},"author":96,"featured_media":172435,"comment_status":"closed","ping_status":"closed","sticky":false,"template":"","format":"standard","meta":{"footnotes":""},"categories":[253,436,440,439],"tags":[],"class_list":["post-172431","post","type-post","status-publish","format-standard","has-post-thumbnail","hentry","category-cidade","category-destaque-da-semana","category-destaques-do-dia","category-ultima-hora"],"_links":{"self":[{"href":"https:\/\/diarioregionaldigital.com.br\/index.php?rest_route=\/wp\/v2\/posts\/172431","targetHints":{"allow":["GET"]}}],"collection":[{"href":"https:\/\/diarioregionaldigital.com.br\/index.php?rest_route=\/wp\/v2\/posts"}],"about":[{"href":"https:\/\/diarioregionaldigital.com.br\/index.php?rest_route=\/wp\/v2\/types\/post"}],"author":[{"embeddable":true,"href":"https:\/\/diarioregionaldigital.com.br\/index.php?rest_route=\/wp\/v2\/users\/96"}],"replies":[{"embeddable":true,"href":"https:\/\/diarioregionaldigital.com.br\/index.php?rest_route=%2Fwp%2Fv2%2Fcomments&post=172431"}],"version-history":[{"count":0,"href":"https:\/\/diarioregionaldigital.com.br\/index.php?rest_route=\/wp\/v2\/posts\/172431\/revisions"}],"wp:featuredmedia":[{"embeddable":true,"href":"https:\/\/diarioregionaldigital.com.br\/index.php?rest_route=\/wp\/v2\/media\/172435"}],"wp:attachment":[{"href":"https:\/\/diarioregionaldigital.com.br\/index.php?rest_route=%2Fwp%2Fv2%2Fmedia&parent=172431"}],"wp:term":[{"taxonomy":"category","embeddable":true,"href":"https:\/\/diarioregionaldigital.com.br\/index.php?rest_route=%2Fwp%2Fv2%2Fcategories&post=172431"},{"taxonomy":"post_tag","embeddable":true,"href":"https:\/\/diarioregionaldigital.com.br\/index.php?rest_route=%2Fwp%2Fv2%2Ftags&post=172431"}],"curies":[{"name":"wp","href":"https:\/\/api.w.org\/{rel}","templated":true}]}}