{"id":172428,"date":"2020-11-05T13:49:27","date_gmt":"2020-11-05T16:49:27","guid":{"rendered":"https:\/\/diarioregionaldigital.com.br\/?p=172428"},"modified":"2020-11-05T13:49:27","modified_gmt":"2020-11-05T16:49:27","slug":"valor-da-cesta-basica-regional-apresenta-queda-em-relacao-ao-final-do-mes-de-outubro","status":"publish","type":"post","link":"https:\/\/diarioregionaldigital.com.br\/?p=172428","title":{"rendered":"Valor da cesta b\u00e1sica regional apresenta queda em rela\u00e7\u00e3o ao final do m\u00eas de outubro"},"content":{"rendered":"<p><span style=\"font-weight: 400;\">A nova pesquisa semanal divulgada na quarta-feira (4) pela Secretaria de Desenvolvimento Econ\u00f4mico, Turismo e Agropecu\u00e1ria (Sedeta) da Prefeitura de Juiz de Fora (PJF), aponta que o valor da cesta b\u00e1sica regional, apresentou queda de 5,95%, em compara\u00e7\u00e3o ao pre\u00e7o registrado no dia 21 de outubro, data do \u00faltimo registro.<\/span><\/p>\n<p><span style=\"font-weight: 400;\">Conforme o levantamento, o valor caiu de R$ 440,96 para R$ 414,70, o qual representa 45,17% do sal\u00e1rio m\u00ednimo, equivalente a 14 dias de trabalho. Na compara\u00e7\u00e3o com o mesmo per\u00edodo de novembro em 2019, a cesta b\u00e1sica custava R$ 357,88, ou seja, R$ 56,82 mais barato.<\/span><\/p>\n<p><span style=\"font-weight: 400;\">Segundo a tabela feita pela Prefeitura, as maiores altas foram do tomate (45,79%), feij\u00e3o preto (19,78%) e farinha de mandioca (15,22%). J\u00e1 as maiores quedas foram do alho (-40,35%), batata inglesa (-38,85%) e banana prata (-33,44%).<\/span><\/p>\n<p><b>Cesta b\u00e1sica nacional<\/b><\/p>\n<p><span style=\"font-weight: 400;\">No cen\u00e1rio brasileiro, a pesquisa indica que a cesta b\u00e1sica nacional obteve queda de 3,06% no seu valor, custando agora R$431,41. No \u00faltimo levantamento feito no dia 21 de outubro, o pre\u00e7o era de R$445,02, ou seja, R$13,61 mais barato. O valor representa 46,99% do sal\u00e1rio m\u00ednimo l\u00edquido, equivalente a 14 dias de trabalho.\u00a0<\/span><\/p>\n<p><span style=\"font-weight: 400;\">De acordo com a tabela, as maiores altas foram do\u00a0 tomate (45,79%), feij\u00e3o preto (19,78%), a\u00e7\u00facar cristal (6,43%). J\u00e1 as maiores quedas foram do batata inglesa (-38,85%), banana prata (-33,44%), manteiga comum (-30,86%).<\/span><\/p>\n<p><span style=\"font-weight: 400;\">Em rela\u00e7\u00e3o ao mesmo per\u00edodo de novembro no \u00faltimo ano, a cesta b\u00e1sica nacional custava R$ 332,36, ou seja, R$102,05 mais barato em compara\u00e7\u00e3o ao pre\u00e7o atual.<\/span><\/p>\n","protected":false},"excerpt":{"rendered":"<p>A nova pesquisa semanal divulgada na quarta-feira (4) pela Secretaria de Desenvolvimento Econ\u00f4mico, Turismo e Agropecu\u00e1ria (Sedeta) da Prefeitura de Juiz de Fora (PJF), aponta que o valor da cesta b\u00e1sica regional, apresentou queda de 5,95%, em compara\u00e7\u00e3o ao pre\u00e7o registrado no dia 21 de outubro, data do \u00faltimo registro. Conforme o levantamento, o valor [&hellip;]<\/p>\n","protected":false},"author":96,"featured_media":172429,"comment_status":"closed","ping_status":"closed","sticky":false,"template":"","format":"standard","meta":{"footnotes":""},"categories":[436,261,439],"tags":[],"class_list":["post-172428","post","type-post","status-publish","format-standard","has-post-thumbnail","hentry","category-destaque-da-semana","category-economia","category-ultima-hora"],"_links":{"self":[{"href":"https:\/\/diarioregionaldigital.com.br\/index.php?rest_route=\/wp\/v2\/posts\/172428","targetHints":{"allow":["GET"]}}],"collection":[{"href":"https:\/\/diarioregionaldigital.com.br\/index.php?rest_route=\/wp\/v2\/posts"}],"about":[{"href":"https:\/\/diarioregionaldigital.com.br\/index.php?rest_route=\/wp\/v2\/types\/post"}],"author":[{"embeddable":true,"href":"https:\/\/diarioregionaldigital.com.br\/index.php?rest_route=\/wp\/v2\/users\/96"}],"replies":[{"embeddable":true,"href":"https:\/\/diarioregionaldigital.com.br\/index.php?rest_route=%2Fwp%2Fv2%2Fcomments&post=172428"}],"version-history":[{"count":0,"href":"https:\/\/diarioregionaldigital.com.br\/index.php?rest_route=\/wp\/v2\/posts\/172428\/revisions"}],"wp:featuredmedia":[{"embeddable":true,"href":"https:\/\/diarioregionaldigital.com.br\/index.php?rest_route=\/wp\/v2\/media\/172429"}],"wp:attachment":[{"href":"https:\/\/diarioregionaldigital.com.br\/index.php?rest_route=%2Fwp%2Fv2%2Fmedia&parent=172428"}],"wp:term":[{"taxonomy":"category","embeddable":true,"href":"https:\/\/diarioregionaldigital.com.br\/index.php?rest_route=%2Fwp%2Fv2%2Fcategories&post=172428"},{"taxonomy":"post_tag","embeddable":true,"href":"https:\/\/diarioregionaldigital.com.br\/index.php?rest_route=%2Fwp%2Fv2%2Ftags&post=172428"}],"curies":[{"name":"wp","href":"https:\/\/api.w.org\/{rel}","templated":true}]}}