{"id":172425,"date":"2020-11-05T13:40:48","date_gmt":"2020-11-05T16:40:48","guid":{"rendered":"https:\/\/diarioregionaldigital.com.br\/?p=172425"},"modified":"2020-11-05T13:40:48","modified_gmt":"2020-11-05T16:40:48","slug":"mais-de-70-das-macrorregioes-de-saude-estao-na-onda-verde-do-minas-consciente","status":"publish","type":"post","link":"https:\/\/diarioregionaldigital.com.br\/?p=172425","title":{"rendered":"Mais de 70% das macrorregi\u00f5es de Sa\u00fade est\u00e3o na onda verde do Minas Consciente"},"content":{"rendered":"<p>Dez das 14 macrorregi\u00f5es de Sa\u00fade mineiras est\u00e3o na onda verde do\u00a0<a href=\"http:\/\/www.mg.gov.br\/minasconsciente\" target=\"_blank\" rel=\"noopener noreferrer\">Minas Consciente<\/a>, plano elaborado pelo\u00a0<a href=\"http:\/\/www.mg.gov.br\/\" target=\"_blank\" rel=\"noopener noreferrer\">Governo de Minas<\/a>\u00a0para garantir a retomada segura e gradual da economia nos munic\u00edpios.\u00a0A redu\u00e7\u00e3o de 10% da incid\u00eancia da doen\u00e7a nos \u00faltimos 14 dias contribuiu para esse cen\u00e1rio.<\/p>\n<p>O n\u00famero de macrorregi\u00f5es na onda verde foi atingido ap\u00f3s a regi\u00e3o\u00a0<a href=\"http:\/\/www.agenciaminas.mg.gov.br\/ckeditor_assets\/attachments\/9540\/06_-_regional_nordeste.pdf\" target=\"_blank\" rel=\"noopener noreferrer\">Nordeste<\/a>, que engloba cidades como Te\u00f3filo Otoni e Nanuque, avan\u00e7ar para a fase mais flex\u00edvel, conforme decis\u00e3o tomada pelo Comit\u00ea Extraordin\u00e1rio Covid-19, na quarta-feira (4). Esta etapa do plano permite a reabertura de parques, cinemas e museus, desde que as regras sanit\u00e1rias e de distanciamento sejam seguidas.<\/p>\n<p><strong>Cautela<\/strong><br \/>\nApesar dos \u00edndices controlados da doen\u00e7a na maior parte do Estado, as macrorregi\u00f5es\u00a0<a href=\"http:\/\/www.agenciaminas.mg.gov.br\/ckeditor_assets\/attachments\/8139\/04_-_regional_leste.pdf\" target=\"_blank\" rel=\"noopener noreferrer\">Leste<\/a>\u00a0e\u00a0<a href=\"http:\/\/www.agenciaminas.mg.gov.br\/ckeditor_assets\/attachments\/8149\/14_-_regional_vale_do_aco.pdf\" target=\"_blank\" rel=\"noopener noreferrer\">Vale do A\u00e7o<\/a>\u00a0tiveram aumento no n\u00famero de casos e, por isso, precisar\u00e3o retornar para a onda amarela, restringindo algumas atividades. As decis\u00f5es do Comit\u00ea passam a valer no pr\u00f3ximo s\u00e1bado (7\/11), ap\u00f3s publica\u00e7\u00e3o das mudan\u00e7as no\u00a0<a href=\"http:\/\/www.jornalminasgerais.mg.gov.br\/\" target=\"_blank\" rel=\"noopener noreferrer\">Di\u00e1rio Oficial<\/a>.<\/p>\n<p>O governador Romeu Zema comentou as mudan\u00e7as e fez um apelo para que a popula\u00e7\u00e3o n\u00e3o se descuide.<\/p>\n<p>\u201cNo geral, os n\u00fameros est\u00e3o melhorando, mas, infelizmente, tivemos duas regress\u00f5es nesta semana. Duas regi\u00f5es que estavam na onda verde precisar\u00e3o retornar para a onda amarela porque a situa\u00e7\u00e3o piorou. Fica muito claro que \u00e9 necess\u00e1rio continuarmos com todos os cuidados. Estamos vendo, inclusive, em pa\u00edses em que a pandemia estava praticamente eliminada, o retorno de uma segunda onda. Fica o meu alerta de que n\u00e3o podemos baixar a guarda\u201d, disse.<\/p>\n<p><strong>Balan\u00e7o<\/strong><\/p>\n<p>At\u00e9 o momento, 657 cidades mineiras aderiram ao plano Minas Consciente, impactando 13,4 milh\u00f5es de pessoas. Neste contexto, ao menos 522 cidades do estado com menos de 30 mil habitantes registraram incid\u00eancia da covid-19 abaixo de 50 casos por 100 mil habitantes nos \u00faltimos 14 dias.<\/p>\n<p><strong>Fonte:\u00a0<\/strong>Ag\u00eancia Minas<\/p>\n<p>&nbsp;<\/p>\n","protected":false},"excerpt":{"rendered":"<p>Dez das 14 macrorregi\u00f5es de Sa\u00fade mineiras est\u00e3o na onda verde do\u00a0Minas Consciente, plano elaborado pelo\u00a0Governo de Minas\u00a0para garantir a retomada segura e gradual da economia nos munic\u00edpios.\u00a0A redu\u00e7\u00e3o de 10% da incid\u00eancia da doen\u00e7a nos \u00faltimos 14 dias contribuiu para esse cen\u00e1rio. O n\u00famero de macrorregi\u00f5es na onda verde foi atingido ap\u00f3s a regi\u00e3o\u00a0Nordeste, [&hellip;]<\/p>\n","protected":false},"author":96,"featured_media":172426,"comment_status":"closed","ping_status":"closed","sticky":false,"template":"","format":"standard","meta":{"footnotes":""},"categories":[436,261,439],"tags":[],"class_list":["post-172425","post","type-post","status-publish","format-standard","has-post-thumbnail","hentry","category-destaque-da-semana","category-economia","category-ultima-hora"],"_links":{"self":[{"href":"https:\/\/diarioregionaldigital.com.br\/index.php?rest_route=\/wp\/v2\/posts\/172425","targetHints":{"allow":["GET"]}}],"collection":[{"href":"https:\/\/diarioregionaldigital.com.br\/index.php?rest_route=\/wp\/v2\/posts"}],"about":[{"href":"https:\/\/diarioregionaldigital.com.br\/index.php?rest_route=\/wp\/v2\/types\/post"}],"author":[{"embeddable":true,"href":"https:\/\/diarioregionaldigital.com.br\/index.php?rest_route=\/wp\/v2\/users\/96"}],"replies":[{"embeddable":true,"href":"https:\/\/diarioregionaldigital.com.br\/index.php?rest_route=%2Fwp%2Fv2%2Fcomments&post=172425"}],"version-history":[{"count":0,"href":"https:\/\/diarioregionaldigital.com.br\/index.php?rest_route=\/wp\/v2\/posts\/172425\/revisions"}],"wp:featuredmedia":[{"embeddable":true,"href":"https:\/\/diarioregionaldigital.com.br\/index.php?rest_route=\/wp\/v2\/media\/172426"}],"wp:attachment":[{"href":"https:\/\/diarioregionaldigital.com.br\/index.php?rest_route=%2Fwp%2Fv2%2Fmedia&parent=172425"}],"wp:term":[{"taxonomy":"category","embeddable":true,"href":"https:\/\/diarioregionaldigital.com.br\/index.php?rest_route=%2Fwp%2Fv2%2Fcategories&post=172425"},{"taxonomy":"post_tag","embeddable":true,"href":"https:\/\/diarioregionaldigital.com.br\/index.php?rest_route=%2Fwp%2Fv2%2Ftags&post=172425"}],"curies":[{"name":"wp","href":"https:\/\/api.w.org\/{rel}","templated":true}]}}