{"id":172422,"date":"2020-11-05T11:25:12","date_gmt":"2020-11-05T14:25:12","guid":{"rendered":"https:\/\/diarioregionaldigital.com.br\/?p=172422"},"modified":"2020-11-05T11:25:12","modified_gmt":"2020-11-05T14:25:12","slug":"covid-19-ministerio-da-saude-prorroga-oito-leitos-de-uti-do-hu-em-juiz-de-fora","status":"publish","type":"post","link":"https:\/\/diarioregionaldigital.com.br\/?p=172422","title":{"rendered":"Covid-19: Minist\u00e9rio da Sa\u00fade prorroga oito leitos de UTI do HU em Juiz de Fora"},"content":{"rendered":"<p>O Minist\u00e9rio da Sa\u00fade, anunciou na quarta-feira (4), a habilita\u00e7\u00e3o de 372 leitos de Unidade de Terapia Intensiva (UTI) Adulto exclusivos para o tratamento de pacientes com Covid-19 no Sistema \u00danico de Sa\u00fade (SUS). O plano faz parte do apoio estrat\u00e9gico do Governo do Federal no atendimento aos estados e munic\u00edpios.<\/p>\n<p>Ao todo foram prorrogados 51 leitos em Minas Gerais, sendo que em Juiz de Fora, oito est\u00e3o inclusos na listagem do Minist\u00e9rio. Todos pertencem ao Hospital Universit\u00e1rio (HU) da Universidade Federal de Juiz de Fora (UFJF). De acordo com os dados do Governo Federal, os leitos da institui\u00e7\u00e3o v\u00e3o receber investimentos no valor de R$ 384.000,00. Os recursos citados\u00a0 foram divulgados em portarias do Di\u00e1rio Oficial da Uni\u00e3o.<\/p>\n<p>Conforme o Minist\u00e9rio, cada leito de UTI para Covid-19, custa diariamente o dobro do valor habitual, passando de R$ 800 para R$ 1.600. Inclusive, os gestores do munic\u00edpio v\u00e3o receber o referido valor, antes mesmo da ocupa\u00e7\u00e3o do leito.<\/p>\n<p>O \u00f3rg\u00e3o ressalta que um dos crit\u00e9rios para habilita\u00e7\u00e3o ou prorroga\u00e7\u00e3o das unidades intensivas \u00e9 a necessidade de comprova\u00e7\u00e3o de equipe m\u00e9dica adequada para o atendimento aos pacientes nos leitos, al\u00e9m da curva epidemiol\u00f3gica da Covid-19 apresentada no estados e munic\u00edpios que solicitam o refor\u00e7o ao Minist\u00e9rio da Sa\u00fade.<\/p>\n<p><strong>Leitos em Minas Gerais e no Brasil<\/strong><\/p>\n<p><strong>\u00a0<\/strong>Al\u00e9m de Juiz de Fora, outras cidades mineiras tiveram seus leitos de UTI para Covid-19 prorrogados pelo Governo Federal: Hospital Marcio Cunha em Ipatinga (10), Hospital S\u00e3o Carlos em Lagoa da Prata (7) e Hospital Universit\u00e1rio Clemente de Faria e Hospital Araldo Tourinho em Montes Claros (26). Pelo territ\u00f3rio brasileiro, o Minist\u00e9rio prorrogou leitos nos estados do Rio Grande do Sul, S\u00e3o Paulo e Paran\u00e1. At\u00e9 o momento, foram habilitados 15.154 leitos no Brasil, viabilizados com investimento de R$ 2,1 bilh\u00f5es.<\/p>\n<p>&nbsp;<\/p>\n","protected":false},"excerpt":{"rendered":"<p>O Minist\u00e9rio da Sa\u00fade, anunciou na quarta-feira (4), a habilita\u00e7\u00e3o de 372 leitos de Unidade de Terapia Intensiva (UTI) Adulto exclusivos para o tratamento de pacientes com Covid-19 no Sistema \u00danico de Sa\u00fade (SUS). O plano faz parte do apoio estrat\u00e9gico do Governo do Federal no atendimento aos estados e munic\u00edpios. Ao todo foram prorrogados [&hellip;]<\/p>\n","protected":false},"author":96,"featured_media":172423,"comment_status":"closed","ping_status":"closed","sticky":false,"template":"","format":"standard","meta":{"footnotes":""},"categories":[253,436,440,439],"tags":[],"class_list":["post-172422","post","type-post","status-publish","format-standard","has-post-thumbnail","hentry","category-cidade","category-destaque-da-semana","category-destaques-do-dia","category-ultima-hora"],"_links":{"self":[{"href":"https:\/\/diarioregionaldigital.com.br\/index.php?rest_route=\/wp\/v2\/posts\/172422","targetHints":{"allow":["GET"]}}],"collection":[{"href":"https:\/\/diarioregionaldigital.com.br\/index.php?rest_route=\/wp\/v2\/posts"}],"about":[{"href":"https:\/\/diarioregionaldigital.com.br\/index.php?rest_route=\/wp\/v2\/types\/post"}],"author":[{"embeddable":true,"href":"https:\/\/diarioregionaldigital.com.br\/index.php?rest_route=\/wp\/v2\/users\/96"}],"replies":[{"embeddable":true,"href":"https:\/\/diarioregionaldigital.com.br\/index.php?rest_route=%2Fwp%2Fv2%2Fcomments&post=172422"}],"version-history":[{"count":0,"href":"https:\/\/diarioregionaldigital.com.br\/index.php?rest_route=\/wp\/v2\/posts\/172422\/revisions"}],"wp:featuredmedia":[{"embeddable":true,"href":"https:\/\/diarioregionaldigital.com.br\/index.php?rest_route=\/wp\/v2\/media\/172423"}],"wp:attachment":[{"href":"https:\/\/diarioregionaldigital.com.br\/index.php?rest_route=%2Fwp%2Fv2%2Fmedia&parent=172422"}],"wp:term":[{"taxonomy":"category","embeddable":true,"href":"https:\/\/diarioregionaldigital.com.br\/index.php?rest_route=%2Fwp%2Fv2%2Fcategories&post=172422"},{"taxonomy":"post_tag","embeddable":true,"href":"https:\/\/diarioregionaldigital.com.br\/index.php?rest_route=%2Fwp%2Fv2%2Ftags&post=172422"}],"curies":[{"name":"wp","href":"https:\/\/api.w.org\/{rel}","templated":true}]}}