{"id":172418,"date":"2020-11-05T11:22:53","date_gmt":"2020-11-05T14:22:53","guid":{"rendered":"https:\/\/diarioregionaldigital.com.br\/?p=172418"},"modified":"2020-11-05T11:22:53","modified_gmt":"2020-11-05T14:22:53","slug":"vitima-de-roubo-entra-em-luta-corporal-com-assaltante-proximo-ao-mergulhao","status":"publish","type":"post","link":"https:\/\/diarioregionaldigital.com.br\/?p=172418","title":{"rendered":"V\u00edtima de roubo entra em luta corporal com assaltante pr\u00f3ximo ao mergulh\u00e3o"},"content":{"rendered":"<p>Na tarde de quarta-feira (4), um adolescente de 17 anos, transitava pr\u00f3ximo ao mergulh\u00e3o, no Centro de Juiz de Fora, quando em um determinado momento, um indiv\u00edduo se aproximou e tentou pegar o telefone celular. De acordo com o boletim da Pol\u00edcia Militar (PM), a v\u00edtima resistiu em entregar o aparelho e logo em seguida, o autor disse que iria dar golpe de faca.<\/p>\n<p>Temendo pela amea\u00e7a, a v\u00edtima entregou o objeto e ao notar que o suspeito n\u00e3o estava armado, entrou em luta corporal e desferiu um soco no rosto do rapaz, o qual revidou, atingindo na regi\u00e3o facial do adolescente, vindo este cair ao solo. O infrator fugiu do local e n\u00e3o foi encontrado.<\/p>\n","protected":false},"excerpt":{"rendered":"<p>Na tarde de quarta-feira (4), um adolescente de 17 anos, transitava pr\u00f3ximo ao mergulh\u00e3o, no Centro de Juiz de Fora, quando em um determinado momento, um indiv\u00edduo se aproximou e tentou pegar o telefone celular. De acordo com o boletim da Pol\u00edcia Militar (PM), a v\u00edtima resistiu em entregar o aparelho e logo em seguida, [&hellip;]<\/p>\n","protected":false},"author":96,"featured_media":172419,"comment_status":"closed","ping_status":"closed","sticky":false,"template":"","format":"standard","meta":{"footnotes":""},"categories":[301,436,440,439],"tags":[],"class_list":["post-172418","post","type-post","status-publish","format-standard","has-post-thumbnail","hentry","category-artigos-policiais","category-destaque-da-semana","category-destaques-do-dia","category-ultima-hora"],"_links":{"self":[{"href":"https:\/\/diarioregionaldigital.com.br\/index.php?rest_route=\/wp\/v2\/posts\/172418","targetHints":{"allow":["GET"]}}],"collection":[{"href":"https:\/\/diarioregionaldigital.com.br\/index.php?rest_route=\/wp\/v2\/posts"}],"about":[{"href":"https:\/\/diarioregionaldigital.com.br\/index.php?rest_route=\/wp\/v2\/types\/post"}],"author":[{"embeddable":true,"href":"https:\/\/diarioregionaldigital.com.br\/index.php?rest_route=\/wp\/v2\/users\/96"}],"replies":[{"embeddable":true,"href":"https:\/\/diarioregionaldigital.com.br\/index.php?rest_route=%2Fwp%2Fv2%2Fcomments&post=172418"}],"version-history":[{"count":0,"href":"https:\/\/diarioregionaldigital.com.br\/index.php?rest_route=\/wp\/v2\/posts\/172418\/revisions"}],"wp:featuredmedia":[{"embeddable":true,"href":"https:\/\/diarioregionaldigital.com.br\/index.php?rest_route=\/wp\/v2\/media\/172419"}],"wp:attachment":[{"href":"https:\/\/diarioregionaldigital.com.br\/index.php?rest_route=%2Fwp%2Fv2%2Fmedia&parent=172418"}],"wp:term":[{"taxonomy":"category","embeddable":true,"href":"https:\/\/diarioregionaldigital.com.br\/index.php?rest_route=%2Fwp%2Fv2%2Fcategories&post=172418"},{"taxonomy":"post_tag","embeddable":true,"href":"https:\/\/diarioregionaldigital.com.br\/index.php?rest_route=%2Fwp%2Fv2%2Ftags&post=172418"}],"curies":[{"name":"wp","href":"https:\/\/api.w.org\/{rel}","templated":true}]}}