{"id":172382,"date":"2020-11-04T20:36:37","date_gmt":"2020-11-04T23:36:37","guid":{"rendered":"https:\/\/diarioregionaldigital.com.br\/?p=172382"},"modified":"2020-11-04T20:36:37","modified_gmt":"2020-11-04T23:36:37","slug":"covid-19-brasil-registra-610-mortes-e-239-mil-casos-em-24-horas","status":"publish","type":"post","link":"https:\/\/diarioregionaldigital.com.br\/?p=172382","title":{"rendered":"Covid-19: Brasil registra 610 mortes e 23,9 mil casos em 24 horas"},"content":{"rendered":"<p>m 24 horas, as autoridades de sa\u00fade registraram 610 mortes e 23.976 novos casos de covid-19. As informa\u00e7\u00f5es est\u00e3o na atualiza\u00e7\u00e3o di\u00e1ria do Minist\u00e9rio da Sa\u00fade, divulgada na noite desta quarta-feira (4).<img decoding=\"async\" src=\"https:\/\/agenciabrasil.ebc.com.br\/ebc.png?id=1392285&amp;o=node\" \/><img decoding=\"async\" src=\"https:\/\/agenciabrasil.ebc.com.br\/ebc.gif?id=1392285&amp;o=node\" \/><\/p>\n<p>Com os novos \u00f3bitos notificados, o total de mortes causadas pela a pandemia do novo coronav\u00edrus chega a 161.106. Ontem, o painel do Minist\u00e9rio da Sa\u00fade contabilizava 160.496 falecimentos. Ainda h\u00e1 2.295 mortes em investiga\u00e7\u00e3o.<\/p>\n<p>Com os novos diagn\u00f3sticos positivos de covid-19 registrados, o n\u00famero acumulado de pessoas infectadas atingiu 5.590. 025. Ontem, os dados consolidados pelo Minist\u00e9rio davam conta de 5.566.049 pessoas com covid-19 desde o come\u00e7o da contagem.<\/p>\n<p>Conforme a atualiza\u00e7\u00e3o do Minist\u00e9rio da Sa\u00fade, ainda h\u00e1 364.575 pacientes em acompanhamento. Outras 5.064.344 pessoas j\u00e1 se recuperaram da doen\u00e7a, ou seja, 90,6% do total de infectados.<\/p>\n<p><strong>Covid-19 nos estados<\/strong><\/p>\n<p>Os estados com mais mortes s\u00e3o S\u00e3o Paulo (39.549), Rio de Janeiro (20.759), Cear\u00e1 (9.370), Minas Gerais (9.069) e Pernambuco (8.667). As Unidades da Federa\u00e7\u00e3o com menos casos s\u00e3o Roraima (693), Acre (696), Amap\u00e1 (751), Tocantins (1.105) e Rond\u00f4nia (1.464).<\/p>\n<p><strong>Fonte:\u00a0<\/strong>Ag\u00eancia Brasil<\/p>\n","protected":false},"excerpt":{"rendered":"<p>m 24 horas, as autoridades de sa\u00fade registraram 610 mortes e 23.976 novos casos de covid-19. As informa\u00e7\u00f5es est\u00e3o na atualiza\u00e7\u00e3o di\u00e1ria do Minist\u00e9rio da Sa\u00fade, divulgada na noite desta quarta-feira (4). Com os novos \u00f3bitos notificados, o total de mortes causadas pela a pandemia do novo coronav\u00edrus chega a 161.106. Ontem, o painel do [&hellip;]<\/p>\n","protected":false},"author":96,"featured_media":172393,"comment_status":"closed","ping_status":"closed","sticky":false,"template":"","format":"standard","meta":{"footnotes":""},"categories":[302,436,439],"tags":[],"class_list":["post-172382","post","type-post","status-publish","format-standard","has-post-thumbnail","hentry","category-brasil-mundo","category-destaque-da-semana","category-ultima-hora"],"_links":{"self":[{"href":"https:\/\/diarioregionaldigital.com.br\/index.php?rest_route=\/wp\/v2\/posts\/172382","targetHints":{"allow":["GET"]}}],"collection":[{"href":"https:\/\/diarioregionaldigital.com.br\/index.php?rest_route=\/wp\/v2\/posts"}],"about":[{"href":"https:\/\/diarioregionaldigital.com.br\/index.php?rest_route=\/wp\/v2\/types\/post"}],"author":[{"embeddable":true,"href":"https:\/\/diarioregionaldigital.com.br\/index.php?rest_route=\/wp\/v2\/users\/96"}],"replies":[{"embeddable":true,"href":"https:\/\/diarioregionaldigital.com.br\/index.php?rest_route=%2Fwp%2Fv2%2Fcomments&post=172382"}],"version-history":[{"count":0,"href":"https:\/\/diarioregionaldigital.com.br\/index.php?rest_route=\/wp\/v2\/posts\/172382\/revisions"}],"wp:featuredmedia":[{"embeddable":true,"href":"https:\/\/diarioregionaldigital.com.br\/index.php?rest_route=\/wp\/v2\/media\/172393"}],"wp:attachment":[{"href":"https:\/\/diarioregionaldigital.com.br\/index.php?rest_route=%2Fwp%2Fv2%2Fmedia&parent=172382"}],"wp:term":[{"taxonomy":"category","embeddable":true,"href":"https:\/\/diarioregionaldigital.com.br\/index.php?rest_route=%2Fwp%2Fv2%2Fcategories&post=172382"},{"taxonomy":"post_tag","embeddable":true,"href":"https:\/\/diarioregionaldigital.com.br\/index.php?rest_route=%2Fwp%2Fv2%2Ftags&post=172382"}],"curies":[{"name":"wp","href":"https:\/\/api.w.org\/{rel}","templated":true}]}}