{"id":172379,"date":"2020-11-04T18:20:22","date_gmt":"2020-11-04T21:20:22","guid":{"rendered":"https:\/\/diarioregionaldigital.com.br\/?p=172379"},"modified":"2020-11-04T18:20:22","modified_gmt":"2020-11-04T21:20:22","slug":"boletim-da-prefeitura-nao-registra-mortes-por-coronavirus","status":"publish","type":"post","link":"https:\/\/diarioregionaldigital.com.br\/?p=172379","title":{"rendered":"Boletim da Prefeitura n\u00e3o registra mortes por Coronav\u00edrus"},"content":{"rendered":"<p><span style=\"font-weight: 400;\">O novo boletim epidemiol\u00f3gico divulgado nesta quarta-feira (4) pela Secretaria de Sa\u00fade (SS) da Prefeitura de Juiz de Fora (PJF), aponta que o munic\u00edpio registrou nas \u00faltimas 24h, mais 92 novos casos de Coronav\u00edrus, totalizando 7.282 pessoas infectadas. O levantamento n\u00e3o registrou nenhum \u00f3bito e 25.982 pacientes s\u00e3o suspeitos de terem a doen\u00e7a.\u00a0<\/span><\/p>\n<p><b>Leitos\u00a0<\/b><\/p>\n<p><span style=\"font-weight: 400;\">Segundo informa\u00e7\u00f5es da PJF, os leitos de enfermaria est\u00e3o com 60,53% de ocupa\u00e7\u00e3o. J\u00e1 os os leitos de UTI e SUS, est\u00e3o com taxa de 70,33% e 72,25% respectivamente.<\/span><\/p>\n<p><b>Exames da UFJF<\/b><\/p>\n<p><span style=\"font-weight: 400;\">No per\u00edodo do dia 26 a 30 de outubro, a Universidade Federal de Juiz de Fora (UFJF), cadastrou um total de 339 exames referentes ao Covid-19 no munic\u00edpio, sendo que 10 est\u00e3o sob an\u00e1lise e 329 laudos foram emitidos. Os testes s\u00e3o feitos em parceria com a Prefeitura de Juiz de Fora (PJF) e todos s\u00e3o oriundos do Sistema \u00danico de Sa\u00fade de 52 munic\u00edpios das regionais de sa\u00fade de Juiz de Fora e Leopoldina.<\/span><\/p>\n<p><span style=\"font-weight: 400;\">Conforme os dados divulgados pela institui\u00e7\u00e3o, foram feitos exames em 23 munic\u00edpios durante o per\u00edodo citado. Ao todo foram 493 testes cadastrados, com 10 em an\u00e1lise e 483 laudos emitidos. Desde que as avalia\u00e7\u00f5es come\u00e7aram a ser feitas no dia 17 de abril, j\u00e1 foram emitidos 9.892 laudos no geral.<\/span><\/p>\n","protected":false},"excerpt":{"rendered":"<p>O novo boletim epidemiol\u00f3gico divulgado nesta quarta-feira (4) pela Secretaria de Sa\u00fade (SS) da Prefeitura de Juiz de Fora (PJF), aponta que o munic\u00edpio registrou nas \u00faltimas 24h, mais 92 novos casos de Coronav\u00edrus, totalizando 7.282 pessoas infectadas. O levantamento n\u00e3o registrou nenhum \u00f3bito e 25.982 pacientes s\u00e3o suspeitos de terem a doen\u00e7a.\u00a0 Leitos\u00a0 Segundo [&hellip;]<\/p>\n","protected":false},"author":96,"featured_media":172380,"comment_status":"closed","ping_status":"closed","sticky":false,"template":"","format":"standard","meta":{"footnotes":""},"categories":[253,436,440,439],"tags":[],"class_list":["post-172379","post","type-post","status-publish","format-standard","has-post-thumbnail","hentry","category-cidade","category-destaque-da-semana","category-destaques-do-dia","category-ultima-hora"],"_links":{"self":[{"href":"https:\/\/diarioregionaldigital.com.br\/index.php?rest_route=\/wp\/v2\/posts\/172379","targetHints":{"allow":["GET"]}}],"collection":[{"href":"https:\/\/diarioregionaldigital.com.br\/index.php?rest_route=\/wp\/v2\/posts"}],"about":[{"href":"https:\/\/diarioregionaldigital.com.br\/index.php?rest_route=\/wp\/v2\/types\/post"}],"author":[{"embeddable":true,"href":"https:\/\/diarioregionaldigital.com.br\/index.php?rest_route=\/wp\/v2\/users\/96"}],"replies":[{"embeddable":true,"href":"https:\/\/diarioregionaldigital.com.br\/index.php?rest_route=%2Fwp%2Fv2%2Fcomments&post=172379"}],"version-history":[{"count":0,"href":"https:\/\/diarioregionaldigital.com.br\/index.php?rest_route=\/wp\/v2\/posts\/172379\/revisions"}],"wp:featuredmedia":[{"embeddable":true,"href":"https:\/\/diarioregionaldigital.com.br\/index.php?rest_route=\/wp\/v2\/media\/172380"}],"wp:attachment":[{"href":"https:\/\/diarioregionaldigital.com.br\/index.php?rest_route=%2Fwp%2Fv2%2Fmedia&parent=172379"}],"wp:term":[{"taxonomy":"category","embeddable":true,"href":"https:\/\/diarioregionaldigital.com.br\/index.php?rest_route=%2Fwp%2Fv2%2Fcategories&post=172379"},{"taxonomy":"post_tag","embeddable":true,"href":"https:\/\/diarioregionaldigital.com.br\/index.php?rest_route=%2Fwp%2Fv2%2Ftags&post=172379"}],"curies":[{"name":"wp","href":"https:\/\/api.w.org\/{rel}","templated":true}]}}