{"id":172369,"date":"2020-11-04T16:57:48","date_gmt":"2020-11-04T19:57:48","guid":{"rendered":"https:\/\/diarioregionaldigital.com.br\/?p=172369"},"modified":"2020-11-04T16:57:48","modified_gmt":"2020-11-04T19:57:48","slug":"pjf-prossegue-com-capacitacoes-para-utilizacao-do-novo-sistema-de-nfs-e","status":"publish","type":"post","link":"https:\/\/diarioregionaldigital.com.br\/?p=172369","title":{"rendered":"PJF prossegue com capacita\u00e7\u00f5es para utiliza\u00e7\u00e3o do novo sistema de NFS-e"},"content":{"rendered":"<p>A Prefeitura de Juiz de Fora (PJF), atrav\u00e9s da Subsecretaria de Receita da Secretaria da Fazenda (SF), d\u00e1 continuidade \u00e0s capacita\u00e7\u00f5es on-line para utiliza\u00e7\u00e3o do novo sistema de emiss\u00e3o das notas fiscais de servi\u00e7o eletr\u00f4nica (NFS-e) do munic\u00edpio, que ser\u00e1 implantado em 16 de novembro. Nesta quarta-feira, 4, o treinamento \u00e9 voltado para contribuintes, e na quinta-feira, 5, para desenvolvedores de software.<\/p>\n<p>As atividades ser\u00e3o ministradas por integrantes da empresa \u201cFintel Gest\u00e3o P\u00fablica\u201d, respons\u00e1vel pela instala\u00e7\u00e3o do novo sistema no munic\u00edpio. Al\u00e9m disso, os contribuintes receber\u00e3o capacita\u00e7\u00f5es nos dias 11 e 12 com possibilidade de esclarecimento de d\u00favidas via chat. Os treinamentos on-line acontecem sempre \u00e0s 10 horas. Para participar, \u00e9 necess\u00e1rio acessar os seguintes links:<\/p>\n<p><b>5\/11 \u2013 Desenvolvedores de Softwares:<\/b>\u00a0<a href=\"https:\/\/youtu.be\/rklmkgk7wzQ\">youtu.be\/rklmkgk7wzQ<\/a><\/p>\n<p><b>11\/11 \u2013 Contribuintes:<\/b>\u00a0<a href=\"https:\/\/www.youtube.com\/watch?v=EjYQfCEwZP4&amp;feature=youtu.be\">youtu.be\/EjYQfCEwZP4<\/a><\/p>\n<p><b>12\/11 \u2013 Contribuintes:<\/b>\u00a0<a href=\"https:\/\/www.youtube.com\/watch?v=K2rb6E10CO4&amp;feature=youtu.be\">youtu.be\/K2rb6E10CO4<\/a><\/p>\n<p><strong>Fonte:\u00a0<\/strong>Assessoria<\/p>\n","protected":false},"excerpt":{"rendered":"<p>A Prefeitura de Juiz de Fora (PJF), atrav\u00e9s da Subsecretaria de Receita da Secretaria da Fazenda (SF), d\u00e1 continuidade \u00e0s capacita\u00e7\u00f5es on-line para utiliza\u00e7\u00e3o do novo sistema de emiss\u00e3o das notas fiscais de servi\u00e7o eletr\u00f4nica (NFS-e) do munic\u00edpio, que ser\u00e1 implantado em 16 de novembro. Nesta quarta-feira, 4, o treinamento \u00e9 voltado para contribuintes, e [&hellip;]<\/p>\n","protected":false},"author":96,"featured_media":172370,"comment_status":"closed","ping_status":"closed","sticky":false,"template":"","format":"standard","meta":{"footnotes":""},"categories":[436,261,439],"tags":[],"class_list":["post-172369","post","type-post","status-publish","format-standard","has-post-thumbnail","hentry","category-destaque-da-semana","category-economia","category-ultima-hora"],"_links":{"self":[{"href":"https:\/\/diarioregionaldigital.com.br\/index.php?rest_route=\/wp\/v2\/posts\/172369","targetHints":{"allow":["GET"]}}],"collection":[{"href":"https:\/\/diarioregionaldigital.com.br\/index.php?rest_route=\/wp\/v2\/posts"}],"about":[{"href":"https:\/\/diarioregionaldigital.com.br\/index.php?rest_route=\/wp\/v2\/types\/post"}],"author":[{"embeddable":true,"href":"https:\/\/diarioregionaldigital.com.br\/index.php?rest_route=\/wp\/v2\/users\/96"}],"replies":[{"embeddable":true,"href":"https:\/\/diarioregionaldigital.com.br\/index.php?rest_route=%2Fwp%2Fv2%2Fcomments&post=172369"}],"version-history":[{"count":0,"href":"https:\/\/diarioregionaldigital.com.br\/index.php?rest_route=\/wp\/v2\/posts\/172369\/revisions"}],"wp:featuredmedia":[{"embeddable":true,"href":"https:\/\/diarioregionaldigital.com.br\/index.php?rest_route=\/wp\/v2\/media\/172370"}],"wp:attachment":[{"href":"https:\/\/diarioregionaldigital.com.br\/index.php?rest_route=%2Fwp%2Fv2%2Fmedia&parent=172369"}],"wp:term":[{"taxonomy":"category","embeddable":true,"href":"https:\/\/diarioregionaldigital.com.br\/index.php?rest_route=%2Fwp%2Fv2%2Fcategories&post=172369"},{"taxonomy":"post_tag","embeddable":true,"href":"https:\/\/diarioregionaldigital.com.br\/index.php?rest_route=%2Fwp%2Fv2%2Ftags&post=172369"}],"curies":[{"name":"wp","href":"https:\/\/api.w.org\/{rel}","templated":true}]}}