{"id":172366,"date":"2020-11-04T16:55:05","date_gmt":"2020-11-04T19:55:05","guid":{"rendered":"https:\/\/diarioregionaldigital.com.br\/?p=172366"},"modified":"2020-11-04T16:55:05","modified_gmt":"2020-11-04T19:55:05","slug":"desde-sua-reabertura-parque-da-lajinha-contabiliza-aproximadamente-7-mil-visitantes","status":"publish","type":"post","link":"https:\/\/diarioregionaldigital.com.br\/?p=172366","title":{"rendered":"Desde sua reabertura, Parque da Lajinha contabiliza aproximadamente 7 mil visitantes"},"content":{"rendered":"<p><span style=\"font-weight: 400;\">Desde que foi reaberto ao p\u00fablico no dia 19 de setembro, ap\u00f3s o governador de Minas Gerais, Romeu Zema (Novo), autorizar o acesso a equipamentos culturais e ambientais em munic\u00edpios categorizados na \u201conda amarela\u201d, do Programa Minas Consciente, o Parque da Lajinha j\u00e1 recebeu aproximadamente 7 mil visitantes, at\u00e9 o \u00faltimo s\u00e1bado (31), segundo dados da Secretaria de Meio Ambiente e Ordenamento Urbano (Semaur). J\u00e1 no domingo (1), 400 pessoas passaram pelo parque<\/span><\/p>\n<p><span style=\"font-weight: 400;\">Quando foi reaberto, o local teve seu hor\u00e1rio de visita\u00e7\u00e3o limitado,\u00a0 das 8 \u00e0s 12 horas, de ter\u00e7a a domingo, com o m\u00e1ximo de cem pessoas simultaneamente dentro da \u00e1rea, todos seguindo os protocolos de seguran\u00e7a em rela\u00e7\u00e3o ao Coronav\u00edrus.\u00a0<\/span><\/p>\n<p><span style=\"font-weight: 400;\">No dia 20 do \u00faltimo m\u00eas, a capacidade permitida aumentou de 100 para 200 pessoas e a visita\u00e7\u00e3o passou a ser feita de ter\u00e7a a domingo, das 8 \u00e0s 14h00. Desde que foi feita esta mudan\u00e7a,\u00a0 320 visitantes passearam e se exercitaram no parque.\u00a0<\/span><\/p>\n<p><span style=\"font-weight: 400;\">No estacionamento interno, onde j\u00e1 foram conclu\u00eddas as obras de instala\u00e7\u00e3o do novo cal\u00e7amento, est\u00e3o sendo disponibilizadas 35 vagas. O parque tamb\u00e9m passou a oferecer mais uma op\u00e7\u00e3o de lazer, que \u00e9 o passeio de pedalinho. O servi\u00e7o \u00e9 executado por uma empresa terceirizada, vencedora da licita\u00e7\u00e3o realizada pela Semaur, e tem custo de R$5 por pessoa, incluindo crian\u00e7as, pelo per\u00edodo de 15 minutos.<\/span><\/p>\n<p><b>Preven\u00e7\u00e3o ao Covid-19<\/b><\/p>\n<p><span style=\"font-weight: 400;\">Quanto aos protocolos de seguran\u00e7a e preven\u00e7\u00e3o ao Coronav\u00edrus, permanece em vigor a obrigatoriedade do uso de m\u00e1scara durante toda a visita\u00e7\u00e3o, aferi\u00e7\u00e3o da temperatura na entrada, e proibi\u00e7\u00e3o da realiza\u00e7\u00e3o de eventos e ensaios fotogr\u00e1ficos.\u00a0<\/span><\/p>\n<p><span style=\"font-weight: 400;\">Os parquinhos infantis e os aparelhos de gin\u00e1stica continuam fechados. Na fila para entrada deve-se manter a dist\u00e2ncia m\u00ednima de dois metros entre as pessoas, respeitando as sinaliza\u00e7\u00f5es de distanciamento no ch\u00e3o. A utiliza\u00e7\u00e3o dos bebedouros somente \u00e9 permitida com garrafas ou copos, sendo proibido o uso do jato diretamente na boca.<\/span><\/p>\n<p><span style=\"font-weight: 400;\">Os trabalhos de controle de todos os protocolo de seguran\u00e7a e preven\u00e7\u00e3o \u00e0 doen\u00e7a, s\u00e3o feitos pela Guarda Municipal Ambiental. Desde que o parque voltou a receber p\u00fablico, a Secretaria de Esporte e Lazer (SEL), cedeu profissionais para ajudarem na aferi\u00e7\u00e3o de temperatura dos visitantes, junto com a Secretaria de Transportes e Tr\u00e2nsito (Settra) e tamb\u00e9m com o Departamento Municipal de Limpeza Urbana (Demlurb).<\/span><\/p>\n","protected":false},"excerpt":{"rendered":"<p>Desde que foi reaberto ao p\u00fablico no dia 19 de setembro, ap\u00f3s o governador de Minas Gerais, Romeu Zema (Novo), autorizar o acesso a equipamentos culturais e ambientais em munic\u00edpios categorizados na \u201conda amarela\u201d, do Programa Minas Consciente, o Parque da Lajinha j\u00e1 recebeu aproximadamente 7 mil visitantes, at\u00e9 o \u00faltimo s\u00e1bado (31), segundo dados [&hellip;]<\/p>\n","protected":false},"author":96,"featured_media":172367,"comment_status":"closed","ping_status":"closed","sticky":false,"template":"","format":"standard","meta":{"footnotes":""},"categories":[253,436,440,439],"tags":[],"class_list":["post-172366","post","type-post","status-publish","format-standard","has-post-thumbnail","hentry","category-cidade","category-destaque-da-semana","category-destaques-do-dia","category-ultima-hora"],"_links":{"self":[{"href":"https:\/\/diarioregionaldigital.com.br\/index.php?rest_route=\/wp\/v2\/posts\/172366","targetHints":{"allow":["GET"]}}],"collection":[{"href":"https:\/\/diarioregionaldigital.com.br\/index.php?rest_route=\/wp\/v2\/posts"}],"about":[{"href":"https:\/\/diarioregionaldigital.com.br\/index.php?rest_route=\/wp\/v2\/types\/post"}],"author":[{"embeddable":true,"href":"https:\/\/diarioregionaldigital.com.br\/index.php?rest_route=\/wp\/v2\/users\/96"}],"replies":[{"embeddable":true,"href":"https:\/\/diarioregionaldigital.com.br\/index.php?rest_route=%2Fwp%2Fv2%2Fcomments&post=172366"}],"version-history":[{"count":0,"href":"https:\/\/diarioregionaldigital.com.br\/index.php?rest_route=\/wp\/v2\/posts\/172366\/revisions"}],"wp:featuredmedia":[{"embeddable":true,"href":"https:\/\/diarioregionaldigital.com.br\/index.php?rest_route=\/wp\/v2\/media\/172367"}],"wp:attachment":[{"href":"https:\/\/diarioregionaldigital.com.br\/index.php?rest_route=%2Fwp%2Fv2%2Fmedia&parent=172366"}],"wp:term":[{"taxonomy":"category","embeddable":true,"href":"https:\/\/diarioregionaldigital.com.br\/index.php?rest_route=%2Fwp%2Fv2%2Fcategories&post=172366"},{"taxonomy":"post_tag","embeddable":true,"href":"https:\/\/diarioregionaldigital.com.br\/index.php?rest_route=%2Fwp%2Fv2%2Ftags&post=172366"}],"curies":[{"name":"wp","href":"https:\/\/api.w.org\/{rel}","templated":true}]}}