{"id":172360,"date":"2020-11-04T15:54:24","date_gmt":"2020-11-04T18:54:24","guid":{"rendered":"https:\/\/diarioregionaldigital.com.br\/?p=172360"},"modified":"2020-11-04T15:54:24","modified_gmt":"2020-11-04T18:54:24","slug":"romeu-zema-lanca-programa-de-capacitacao-para-retomada-da-economia-nos-municipios","status":"publish","type":"post","link":"https:\/\/diarioregionaldigital.com.br\/?p=172360","title":{"rendered":"Romeu Zema lan\u00e7a programa de capacita\u00e7\u00e3o para retomada da economia nos munic\u00edpios"},"content":{"rendered":"<p>Atrair novos investimentos, desenvolver neg\u00f3cios e gerar empregos por meio de pol\u00edticas econ\u00f4micas de sucesso. Esse \u00e9 o objetivo do Programa de Lideran\u00e7a para a Retomada Econ\u00f4mica, lan\u00e7ado pelo governador Romeu Zema, nesta quarta-feira (4\/11), em parceria com a\u00a0<a href=\"http:\/\/novosite.fjp.mg.gov.br\/\" target=\"_blank\" rel=\"noopener noreferrer\">Funda\u00e7\u00e3o Jo\u00e3o Pinheiro (FJP)<\/a>,\u00a0<a href=\"http:\/\/www.desenvolvimento.mg.gov.br\/\" target=\"_blank\" rel=\"noopener noreferrer\">Secretaria de Estado de Desenvolvimento Econ\u00f4mico (Sede)<\/a>\u00a0e Associa\u00e7\u00e3o Mineira de Munic\u00edpios (AMM).<\/p>\n<p>O programa teve sua cria\u00e7\u00e3o motivada pelo contexto de perdas econ\u00f4micas ocorridas ao longo de 2020 em decorr\u00eancia da pandemia da covid-19. At\u00e9 2021 ser\u00e3o capacitadas seis turmas, totalizando 300 lideran\u00e7as de 150 cidades mineiras. A iniciativa \u00e9 voltada para os prefeitos e gestores de secretarias municipais que ir\u00e3o iniciar seus mandatos.<\/p>\n<p><b>Desenvolvimento<\/b><\/p>\n<p>O governador Romeu Zema ressaltou que a a\u00e7\u00e3o vai impulsionar a gera\u00e7\u00e3o de emprego e renda nas cidades. &#8220;A principal pauta da minha campanha e do meu governo \u00e9 a cria\u00e7\u00e3o de empregos. Temos feitos um esfor\u00e7o herc\u00faleo no sentido de eliminarmos obst\u00e1culos que dificultam o empreendedor e o alinhamento com os munic\u00edpios \u00e9 fundamental para o desenvolvimento. Minas \u00e9 um estado com muitos munic\u00edpios pequenos e alguns n\u00e3o t\u00eam condi\u00e7\u00f5es de ter estrutura robusta, t\u00e9cnicos com conhecimento espec\u00edfico. Agora vamos dar esse suporte e apoio\u201d, explicou.<\/p>\n<p>O secret\u00e1rio adjunto de Desenvolvimento Econ\u00f4mico, Fernando Passalio, explicou que a capacita\u00e7\u00e3o permitir\u00e1 que as cidades tenham mais autonomia para atrair investimentos. \u201c\u00c9 comum recebermos prefeitos querendo entender como fazemos a capta\u00e7\u00e3o de investimentos no Estado. Esse curso vai mostrar o caminho para que o munic\u00edpio fique vis\u00edvel para os investidores, se torne mais atrativo. Juntaremos a vontade de fazer com a t\u00e9cnica que ser\u00e1 repassada pela Funda\u00e7\u00e3o Jo\u00e3o Pinheiro. \u00c9 nos munic\u00edpios que a vida real acontece e queremos que os prefeitos se juntem a esse grande movimento de retomada econ\u00f4mica\u201d, disse.<\/p>\n<p><b>Pandemia<\/b><\/p>\n<p>O presidente da Funda\u00e7\u00e3o Jo\u00e3o Pinheiro, Helger Marra, lembrou que a iniciativa \u00e9 fundamental para reduzir os impactos econ\u00f4micos provocados pela pandemia. O objetivo \u00e9 capacitar prefeitos eleitos e lideran\u00e7as municipais para criar pol\u00edticas econ\u00f4micas mais assertivas, para que se atraia mais investimentos.<\/p>\n<p>\u201cO curso foi motivado pela nossa expertise na administra\u00e7\u00e3o p\u00fablica, por esse contexto de perdas econ\u00f4micas ao longo de 2020 e consequente encolhimento do PIB e da economia mineira, brasileira e mundial. Vamos selecionar os participantes com base em crit\u00e9rios t\u00e9cnicos, econ\u00f4micos e sociais dos munic\u00edpios, com um olhar diferenciado para aqueles mais afetados pela pandemia\u201d, destacou.<\/p>\n<p><b>Programa de Lideran\u00e7a para a Retomada Econ\u00f4mica<\/b><\/p>\n<p>Constru\u00eddo pela FJP de forma conjunta com especialistas da \u00e1rea do desenvolvimento econ\u00f4mico, o programa tem as parcerias da Sede, da Ag\u00eancia Metropolitana e do Indi, al\u00e9m da AMM.<\/p>\n<p>A capacita\u00e7\u00e3o ir\u00e1 abordar conhecimento econ\u00f4mico e tribut\u00e1rio para a elabora\u00e7\u00e3o de pol\u00edticas efetivas que ampliem os investimentos locais, criem melhores ambientes de neg\u00f3cio e fomentem a gera\u00e7\u00e3o de empregos e o empreendedorismo. Paralelamente, os participantes ser\u00e3o estimulados a desenvolver comportamentos e utilizar t\u00e9cnicas de lideran\u00e7a para mobilizar esfor\u00e7os e recursos de forma assertiva para ampliar a capacidade de recupera\u00e7\u00e3o econ\u00f4mica.<\/p>\n<p>O Programa de Lideran\u00e7a para a Retomada Econ\u00f4mica tamb\u00e9m ir\u00e1 debater formas de cria\u00e7\u00e3o e implementa\u00e7\u00e3o de a\u00e7\u00f5es para atrair investimentos; reten\u00e7\u00e3o e expans\u00e3o de neg\u00f3cios; e utiliza\u00e7\u00e3o dos instrumentos de planejamento urbano para alavancar o desenvolvimento econ\u00f4mico local.<\/p>\n<p><b>Sele\u00e7\u00e3o<\/b><\/p>\n<p>A Funda\u00e7\u00e3o Jo\u00e3o Pinheiro vai selecionar os participantes a partir de uma avalia\u00e7\u00e3o de crit\u00e9rios t\u00e9cnicos, sociais e econ\u00f4micos dos munic\u00edpios mais afetados pela pandemia em Minas Gerais. Os prefeitos eleitos dessas cidades ser\u00e3o convidados para o programa e dever\u00e3o manifestar, por meio da assinatura de um Termo de Compromisso, interesse e disponibilidade para participar da forma\u00e7\u00e3o.<\/p>\n<p><b>Curso<\/b><\/p>\n<p>Com o in\u00edcio da primeira turma previsto para dezembro de 2020, o programa ter\u00e1 aulas sempre em dois finais de semana, em per\u00edodo integral. At\u00e9 2021 ser\u00e3o capacitadas seis turmas, totalizando 300 lideran\u00e7as de 150 cidades. Cada turma ter\u00e1 28 horas de forma\u00e7\u00e3o para as lideran\u00e7as e 8 horas de oficinas com as equipes municipais.<\/p>\n<p><strong>Fonte:\u00a0<\/strong>Ag\u00eancia Minas<\/p>\n","protected":false},"excerpt":{"rendered":"<p>Atrair novos investimentos, desenvolver neg\u00f3cios e gerar empregos por meio de pol\u00edticas econ\u00f4micas de sucesso. Esse \u00e9 o objetivo do Programa de Lideran\u00e7a para a Retomada Econ\u00f4mica, lan\u00e7ado pelo governador Romeu Zema, nesta quarta-feira (4\/11), em parceria com a\u00a0Funda\u00e7\u00e3o Jo\u00e3o Pinheiro (FJP),\u00a0Secretaria de Estado de Desenvolvimento Econ\u00f4mico (Sede)\u00a0e Associa\u00e7\u00e3o Mineira de Munic\u00edpios (AMM). O programa [&hellip;]<\/p>\n","protected":false},"author":96,"featured_media":172361,"comment_status":"closed","ping_status":"closed","sticky":false,"template":"","format":"standard","meta":{"footnotes":""},"categories":[436,261,439],"tags":[],"class_list":["post-172360","post","type-post","status-publish","format-standard","has-post-thumbnail","hentry","category-destaque-da-semana","category-economia","category-ultima-hora"],"_links":{"self":[{"href":"https:\/\/diarioregionaldigital.com.br\/index.php?rest_route=\/wp\/v2\/posts\/172360","targetHints":{"allow":["GET"]}}],"collection":[{"href":"https:\/\/diarioregionaldigital.com.br\/index.php?rest_route=\/wp\/v2\/posts"}],"about":[{"href":"https:\/\/diarioregionaldigital.com.br\/index.php?rest_route=\/wp\/v2\/types\/post"}],"author":[{"embeddable":true,"href":"https:\/\/diarioregionaldigital.com.br\/index.php?rest_route=\/wp\/v2\/users\/96"}],"replies":[{"embeddable":true,"href":"https:\/\/diarioregionaldigital.com.br\/index.php?rest_route=%2Fwp%2Fv2%2Fcomments&post=172360"}],"version-history":[{"count":0,"href":"https:\/\/diarioregionaldigital.com.br\/index.php?rest_route=\/wp\/v2\/posts\/172360\/revisions"}],"wp:featuredmedia":[{"embeddable":true,"href":"https:\/\/diarioregionaldigital.com.br\/index.php?rest_route=\/wp\/v2\/media\/172361"}],"wp:attachment":[{"href":"https:\/\/diarioregionaldigital.com.br\/index.php?rest_route=%2Fwp%2Fv2%2Fmedia&parent=172360"}],"wp:term":[{"taxonomy":"category","embeddable":true,"href":"https:\/\/diarioregionaldigital.com.br\/index.php?rest_route=%2Fwp%2Fv2%2Fcategories&post=172360"},{"taxonomy":"post_tag","embeddable":true,"href":"https:\/\/diarioregionaldigital.com.br\/index.php?rest_route=%2Fwp%2Fv2%2Ftags&post=172360"}],"curies":[{"name":"wp","href":"https:\/\/api.w.org\/{rel}","templated":true}]}}