{"id":172318,"date":"2020-11-04T06:00:36","date_gmt":"2020-11-04T09:00:36","guid":{"rendered":"https:\/\/diarioregionaldigital.com.br\/?p=172318"},"modified":"2020-11-04T01:47:35","modified_gmt":"2020-11-04T04:47:35","slug":"projeto","status":"publish","type":"post","link":"https:\/\/diarioregionaldigital.com.br\/?p=172318","title":{"rendered":"Projeto"},"content":{"rendered":"<p style=\"text-align: center;\"><strong>Novas Paisagens<\/strong><\/p>\n<p style=\"text-align: center;\">O cantor Leonardo de Freitas est\u00e1 numa nova fase de vida, de aprofundamento religioso e ap\u00f3s 14 anos de sucesso em dupla com Fabiano resolveu dar um tempo. Para seu lugar foi convocado o talentoso cantor Luiz Rodrigo. Pelas redes sociais ele anunciou que continua na produ\u00e7\u00e3o.<\/p>\n<p style=\"text-align: center;\"><strong>Em Erup\u00e7\u00e3o<\/strong><\/p>\n<p style=\"text-align: center;\">Linda, inteligente e um vulc\u00e3o de emo\u00e7\u00f5es, a poeta Ana Cristina C\u00e9sar cativou intelectuais, virou \u00edcone de sua gera\u00e7\u00e3o, mas n\u00e3o suportou os conflitos internos \u2013 ela se suicidou aos 31 anos deixando uma onda intensa e at\u00e9 hoje provocante. Durante a pandemia l\u00ed seus poemas viscerais e textos que transpiram ang\u00fastia nos livros \u201cA Teus P\u00e9s\u201d e \u201cCabeceira\u201d.<\/p>\n<p style=\"text-align: center;\"><strong>Projeto<\/strong><\/p>\n<p style=\"text-align: center;\">Noticia quente revela que a Petrobras decidiu adiar em cerca de um ano os investimentos para iniciar o Projeto Integrado do Parque das Baleias, um conjunto de campos de explora\u00e7\u00e3o de petr\u00f3leo no litoral do Esp\u00edrito santo. O in\u00edcio de opera\u00e7\u00e3o e o primeiro \u00f3leo ficaram para 2024.<\/p>\n<p style=\"text-align: center;\"><span style=\"font-size: 14pt;\"><strong>Up:<\/strong> <\/span>Novembro \u00e9 o m\u00eas bom para: escolher uma noite m\u00e1gica para dividir uma garrafa de bom vinho petiscos finos com algu\u00e9m que realmente mere\u00e7a.<\/p>\n<div id=\"attachment_172305\" style=\"width: 690px\" class=\"wp-caption aligncenter\"><img loading=\"lazy\" decoding=\"async\" aria-describedby=\"caption-attachment-172305\" class=\"wp-image-172305\" src=\"https:\/\/diarioregionaldigital.com.br\/wp-content\/uploads\/2020\/11\/fotoa-e1604464868636.jpg\" alt=\"\" width=\"680\" height=\"490\" srcset=\"https:\/\/diarioregionaldigital.com.br\/wp-content\/uploads\/2020\/11\/fotoa-e1604464868636.jpg 909w, https:\/\/diarioregionaldigital.com.br\/wp-content\/uploads\/2020\/11\/fotoa-e1604464868636-300x216.jpg 300w, https:\/\/diarioregionaldigital.com.br\/wp-content\/uploads\/2020\/11\/fotoa-e1604464868636-768x553.jpg 768w, https:\/\/diarioregionaldigital.com.br\/wp-content\/uploads\/2020\/11\/fotoa-e1604464868636-360x259.jpg 360w\" sizes=\"auto, (max-width: 680px) 100vw, 680px\" \/><p id=\"caption-attachment-172305\" class=\"wp-caption-text\">A bonita \u2018colored\u2019 Andreia Pereira em cena \u201cpianinho amor\u201d, antes da pandemia<\/p><\/div>\n<div id=\"attachment_172306\" style=\"width: 690px\" class=\"wp-caption aligncenter\"><img loading=\"lazy\" decoding=\"async\" aria-describedby=\"caption-attachment-172306\" class=\"wp-image-172306\" src=\"https:\/\/diarioregionaldigital.com.br\/wp-content\/uploads\/2020\/11\/fotoaa-e1604465118840.jpg\" alt=\"\" width=\"680\" height=\"528\" srcset=\"https:\/\/diarioregionaldigital.com.br\/wp-content\/uploads\/2020\/11\/fotoaa-e1604465118840.jpg 612w, https:\/\/diarioregionaldigital.com.br\/wp-content\/uploads\/2020\/11\/fotoaa-e1604465118840-300x233.jpg 300w, https:\/\/diarioregionaldigital.com.br\/wp-content\/uploads\/2020\/11\/fotoaa-e1604465118840-360x279.jpg 360w\" sizes=\"auto, (max-width: 680px) 100vw, 680px\" \/><p id=\"caption-attachment-172306\" class=\"wp-caption-text\">Em Cabo Frio no feriad\u00e3o, os bonit\u00f5es Fabiano Garcia \u00e9 Carlos Barbosa<\/p><\/div>\n<div id=\"attachment_172307\" style=\"width: 690px\" class=\"wp-caption aligncenter\"><img loading=\"lazy\" decoding=\"async\" aria-describedby=\"caption-attachment-172307\" class=\"wp-image-172307\" src=\"https:\/\/diarioregionaldigital.com.br\/wp-content\/uploads\/2020\/11\/fotob-e1604464893662.jpg\" alt=\"\" width=\"680\" height=\"489\" srcset=\"https:\/\/diarioregionaldigital.com.br\/wp-content\/uploads\/2020\/11\/fotob-e1604464893662.jpg 766w, https:\/\/diarioregionaldigital.com.br\/wp-content\/uploads\/2020\/11\/fotob-e1604464893662-300x216.jpg 300w, https:\/\/diarioregionaldigital.com.br\/wp-content\/uploads\/2020\/11\/fotob-e1604464893662-360x259.jpg 360w\" sizes=\"auto, (max-width: 680px) 100vw, 680px\" \/><p id=\"caption-attachment-172307\" class=\"wp-caption-text\">Esperando ansioso os eventos voltarem, o bar-man de astros e estrelas J\u00fanior<\/p><\/div>\n<div id=\"attachment_172308\" style=\"width: 690px\" class=\"wp-caption aligncenter\"><img loading=\"lazy\" decoding=\"async\" aria-describedby=\"caption-attachment-172308\" class=\"wp-image-172308\" src=\"https:\/\/diarioregionaldigital.com.br\/wp-content\/uploads\/2020\/11\/fotoc-e1604464924568.jpg\" alt=\"\" width=\"680\" height=\"501\" srcset=\"https:\/\/diarioregionaldigital.com.br\/wp-content\/uploads\/2020\/11\/fotoc-e1604464924568.jpg 1080w, https:\/\/diarioregionaldigital.com.br\/wp-content\/uploads\/2020\/11\/fotoc-e1604464924568-300x221.jpg 300w, https:\/\/diarioregionaldigital.com.br\/wp-content\/uploads\/2020\/11\/fotoc-e1604464924568-1024x755.jpg 1024w, https:\/\/diarioregionaldigital.com.br\/wp-content\/uploads\/2020\/11\/fotoc-e1604464924568-768x566.jpg 768w, https:\/\/diarioregionaldigital.com.br\/wp-content\/uploads\/2020\/11\/fotoc-e1604464924568-360x265.jpg 360w\" sizes=\"auto, (max-width: 680px) 100vw, 680px\" \/><p id=\"caption-attachment-172308\" class=\"wp-caption-text\">Recebendo o trof\u00e9u \u201cPr\u00eamio Excel\u00eancia em Sa\u00fade\u201d, promovido pelo grupo M\u00eddia, o presidente da Santa Casa, Renato Vilella Loures<\/p><\/div>\n<div id=\"attachment_172309\" style=\"width: 690px\" class=\"wp-caption aligncenter\"><img loading=\"lazy\" decoding=\"async\" aria-describedby=\"caption-attachment-172309\" class=\"wp-image-172309\" src=\"https:\/\/diarioregionaldigital.com.br\/wp-content\/uploads\/2020\/11\/fotod-e1604465079621.jpg\" alt=\"\" width=\"680\" height=\"505\" srcset=\"https:\/\/diarioregionaldigital.com.br\/wp-content\/uploads\/2020\/11\/fotod-e1604465079621.jpg 624w, https:\/\/diarioregionaldigital.com.br\/wp-content\/uploads\/2020\/11\/fotod-e1604465079621-300x223.jpg 300w, https:\/\/diarioregionaldigital.com.br\/wp-content\/uploads\/2020\/11\/fotod-e1604465079621-360x267.jpg 360w\" sizes=\"auto, (max-width: 680px) 100vw, 680px\" \/><p id=\"caption-attachment-172309\" class=\"wp-caption-text\">Em cena social no F\u00e1tima Buffet antes da pandemia, Jo\u00e3o Matos e a filha Lidiane Matos<\/p><\/div>\n<div id=\"attachment_172310\" style=\"width: 690px\" class=\"wp-caption aligncenter\"><img loading=\"lazy\" decoding=\"async\" aria-describedby=\"caption-attachment-172310\" class=\"wp-image-172310\" src=\"https:\/\/diarioregionaldigital.com.br\/wp-content\/uploads\/2020\/11\/fotoe-e1604465056159.jpg\" alt=\"\" width=\"680\" height=\"516\" srcset=\"https:\/\/diarioregionaldigital.com.br\/wp-content\/uploads\/2020\/11\/fotoe-e1604465056159.jpg 637w, https:\/\/diarioregionaldigital.com.br\/wp-content\/uploads\/2020\/11\/fotoe-e1604465056159-300x227.jpg 300w, https:\/\/diarioregionaldigital.com.br\/wp-content\/uploads\/2020\/11\/fotoe-e1604465056159-360x273.jpg 360w\" sizes=\"auto, (max-width: 680px) 100vw, 680px\" \/><p id=\"caption-attachment-172310\" class=\"wp-caption-text\">No Independ\u00eancia Shopping, comemorando uni\u00e3o est\u00e1vel: Jorge Modesto e Alexandre Herrero<\/p><\/div>\n<div id=\"attachment_172311\" style=\"width: 690px\" class=\"wp-caption aligncenter\"><img loading=\"lazy\" decoding=\"async\" aria-describedby=\"caption-attachment-172311\" class=\"wp-image-172311\" src=\"https:\/\/diarioregionaldigital.com.br\/wp-content\/uploads\/2020\/11\/fotof-e1604464948847.jpeg\" alt=\"\" width=\"680\" height=\"498\" srcset=\"https:\/\/diarioregionaldigital.com.br\/wp-content\/uploads\/2020\/11\/fotof-e1604464948847.jpeg 1077w, https:\/\/diarioregionaldigital.com.br\/wp-content\/uploads\/2020\/11\/fotof-e1604464948847-300x219.jpeg 300w, https:\/\/diarioregionaldigital.com.br\/wp-content\/uploads\/2020\/11\/fotof-e1604464948847-1024x749.jpeg 1024w, https:\/\/diarioregionaldigital.com.br\/wp-content\/uploads\/2020\/11\/fotof-e1604464948847-768x562.jpeg 768w, https:\/\/diarioregionaldigital.com.br\/wp-content\/uploads\/2020\/11\/fotof-e1604464948847-360x263.jpeg 360w\" sizes=\"auto, (max-width: 680px) 100vw, 680px\" \/><p id=\"caption-attachment-172311\" class=\"wp-caption-text\">Os lindos irm\u00e3os mascarados: Vagner, Vitor a Vin\u00edcius Maia<\/p><\/div>\n<div id=\"attachment_172312\" style=\"width: 690px\" class=\"wp-caption aligncenter\"><img loading=\"lazy\" decoding=\"async\" aria-describedby=\"caption-attachment-172312\" class=\"wp-image-172312\" src=\"https:\/\/diarioregionaldigital.com.br\/wp-content\/uploads\/2020\/11\/fotog-e1604465000623.jpg\" alt=\"\" width=\"680\" height=\"478\" srcset=\"https:\/\/diarioregionaldigital.com.br\/wp-content\/uploads\/2020\/11\/fotog-e1604465000623.jpg 887w, https:\/\/diarioregionaldigital.com.br\/wp-content\/uploads\/2020\/11\/fotog-e1604465000623-300x210.jpg 300w, https:\/\/diarioregionaldigital.com.br\/wp-content\/uploads\/2020\/11\/fotog-e1604465000623-768x540.jpg 768w, https:\/\/diarioregionaldigital.com.br\/wp-content\/uploads\/2020\/11\/fotog-e1604465000623-360x253.jpg 360w, https:\/\/diarioregionaldigital.com.br\/wp-content\/uploads\/2020\/11\/fotog-e1604465000623-100x70.jpg 100w\" sizes=\"auto, (max-width: 680px) 100vw, 680px\" \/><p id=\"caption-attachment-172312\" class=\"wp-caption-text\">Na bela paisagem de Angra dos Reis: Renato Lucas e seus pais Sarah Lucas e Eduardo Passos de Souza<\/p><\/div>\n<div id=\"attachment_172313\" style=\"width: 690px\" class=\"wp-caption aligncenter\"><img loading=\"lazy\" decoding=\"async\" aria-describedby=\"caption-attachment-172313\" class=\"wp-image-172313\" src=\"https:\/\/diarioregionaldigital.com.br\/wp-content\/uploads\/2020\/11\/fotoi-e1604465028241.jpg\" alt=\"\" width=\"680\" height=\"489\" srcset=\"https:\/\/diarioregionaldigital.com.br\/wp-content\/uploads\/2020\/11\/fotoi-e1604465028241.jpg 531w, https:\/\/diarioregionaldigital.com.br\/wp-content\/uploads\/2020\/11\/fotoi-e1604465028241-300x216.jpg 300w, https:\/\/diarioregionaldigital.com.br\/wp-content\/uploads\/2020\/11\/fotoi-e1604465028241-360x259.jpg 360w\" sizes=\"auto, (max-width: 680px) 100vw, 680px\" \/><p id=\"caption-attachment-172313\" class=\"wp-caption-text\">Casal refinado da sociedade de Juiz de Fora Renata e Luiz Carlos Foga\u00e7a<\/p><\/div>\n<div id=\"attachment_172314\" style=\"width: 690px\" class=\"wp-caption aligncenter\"><img loading=\"lazy\" decoding=\"async\" aria-describedby=\"caption-attachment-172314\" class=\"wp-image-172314\" src=\"https:\/\/diarioregionaldigital.com.br\/wp-content\/uploads\/2020\/11\/fotoj-e1604464977155.jpg\" alt=\"\" width=\"680\" height=\"495\" srcset=\"https:\/\/diarioregionaldigital.com.br\/wp-content\/uploads\/2020\/11\/fotoj-e1604464977155.jpg 1071w, https:\/\/diarioregionaldigital.com.br\/wp-content\/uploads\/2020\/11\/fotoj-e1604464977155-300x218.jpg 300w, https:\/\/diarioregionaldigital.com.br\/wp-content\/uploads\/2020\/11\/fotoj-e1604464977155-1024x746.jpg 1024w, https:\/\/diarioregionaldigital.com.br\/wp-content\/uploads\/2020\/11\/fotoj-e1604464977155-768x559.jpg 768w, https:\/\/diarioregionaldigital.com.br\/wp-content\/uploads\/2020\/11\/fotoj-e1604464977155-360x262.jpg 360w\" sizes=\"auto, (max-width: 680px) 100vw, 680px\" \/><p id=\"caption-attachment-172314\" class=\"wp-caption-text\">Professores que fazem a diferen\u00e7a: Aline Cardoso, Carlos Vargas, Rosemeyre Cunha<\/p><\/div>\n<p style=\"text-align: center;\"><strong>FOTOSS\u00cdNTESE<\/strong><\/p>\n<p>Os Empres\u00e1rios M\u00e1rcio Marques e Ricardo Alex est\u00e3o com super bazar com pre\u00e7os incr\u00edveis para as lindas pe\u00e7as da M.Marques. O show room fica no Cruzeiro do Sul.<\/p>\n<p>Com todos os aplausos, a Santa Casa de Miseric\u00f3rdia de Juiz de Fora, recebeu o Pr\u00eamio Excel\u00eancia em Sa\u00fade, em sua 8\u00aa edi\u00e7\u00e3o.<br \/>\nFazendo furor entre os cervejeiros de plant\u00e3o a Cerveja Puro Malte de Mr. Tugas.<\/p>\n<p>Para ficar bem iluminada, a advogada Lara Spada usa lanterna de led Beltloc.<\/p>\n<p>Com estudantes do Brasil, Argentina e Angola, a Embrapa realizou pelo quinto ano consecutivo, o Ideas Formilk, desafio de startups em vers\u00e3o on-line.<\/p>\n<p>A bonita Aline Azevedo comanda com sucesso, o UP Festival Moda sustent\u00e1vel- concurso em formato de reality show com oito participantes.<br \/>\nCome\u00e7a hoje (4), o Worksshops \u201cJuiz de Fora mais Resiliente\u201d, Nas redes sociais.<\/p>\n<p>Com sensa\u00e7\u00e3o de refinamento, o Restaurante Cerejeiras no bairro Santa Catarina recebeu o Jornalista Talison Vardiero acompanhado de Augusto Vardieri, Felipe Andrade e Patr\u00edcia Caniato.<\/p>\n<p>A nova cole\u00e7\u00e3o com modelitos em renda da Calvin Klein est\u00e1 fazendo a cabe\u00e7a das Glamurettes de Juiz de Fora que circulam no Rio e S\u00e3o Paulo.<\/p>\n<p>Voc\u00ea sabia? Com sua veia alquimista, desenhista, decorador e produtor, Georges M\u00e9li\u00e9s \u00e9 considerado o pai dos efeitos especiais e criador da Belle Epoque. O MIS em S\u00e3o Paulo apresenta uma exposi\u00e7\u00e3o in\u00e9dita dele no Brasil.<\/p>\n<p>A arte de flanar: \u201cAcordar sem mim. Sa\u00ed \u00e0 rua para me deixar possuir pela simples leveza de existir\u201d. (Mia Couto)<\/p>\n<p><img loading=\"lazy\" decoding=\"async\" class=\"aligncenter size-full wp-image-172315\" src=\"https:\/\/diarioregionaldigital.com.br\/wp-content\/uploads\/2020\/11\/anuncio47-scaled.jpg\" alt=\"\" width=\"2560\" height=\"994\" srcset=\"https:\/\/diarioregionaldigital.com.br\/wp-content\/uploads\/2020\/11\/anuncio47-scaled.jpg 2560w, https:\/\/diarioregionaldigital.com.br\/wp-content\/uploads\/2020\/11\/anuncio47-300x116.jpg 300w, https:\/\/diarioregionaldigital.com.br\/wp-content\/uploads\/2020\/11\/anuncio47-1024x398.jpg 1024w, https:\/\/diarioregionaldigital.com.br\/wp-content\/uploads\/2020\/11\/anuncio47-768x298.jpg 768w, https:\/\/diarioregionaldigital.com.br\/wp-content\/uploads\/2020\/11\/anuncio47-1536x596.jpg 1536w, https:\/\/diarioregionaldigital.com.br\/wp-content\/uploads\/2020\/11\/anuncio47-2048x795.jpg 2048w, https:\/\/diarioregionaldigital.com.br\/wp-content\/uploads\/2020\/11\/anuncio47-360x140.jpg 360w\" sizes=\"auto, (max-width: 2560px) 100vw, 2560px\" \/><\/p>\n","protected":false},"excerpt":{"rendered":"<p>Novas Paisagens O cantor Leonardo de Freitas est\u00e1 numa nova fase de vida, de aprofundamento religioso e ap\u00f3s 14 anos de sucesso em dupla com Fabiano resolveu dar um tempo. Para seu lugar foi convocado o talentoso cantor Luiz Rodrigo. Pelas redes sociais ele anunciou que continua na produ\u00e7\u00e3o. Em Erup\u00e7\u00e3o Linda, inteligente e um [&hellip;]<\/p>\n","protected":false},"author":96,"featured_media":172305,"comment_status":"closed","ping_status":"closed","sticky":false,"template":"","format":"standard","meta":{"footnotes":""},"categories":[264],"tags":[],"class_list":["post-172318","post","type-post","status-publish","format-standard","has-post-thumbnail","hentry","category-eduardo-gomes"],"_links":{"self":[{"href":"https:\/\/diarioregionaldigital.com.br\/index.php?rest_route=\/wp\/v2\/posts\/172318","targetHints":{"allow":["GET"]}}],"collection":[{"href":"https:\/\/diarioregionaldigital.com.br\/index.php?rest_route=\/wp\/v2\/posts"}],"about":[{"href":"https:\/\/diarioregionaldigital.com.br\/index.php?rest_route=\/wp\/v2\/types\/post"}],"author":[{"embeddable":true,"href":"https:\/\/diarioregionaldigital.com.br\/index.php?rest_route=\/wp\/v2\/users\/96"}],"replies":[{"embeddable":true,"href":"https:\/\/diarioregionaldigital.com.br\/index.php?rest_route=%2Fwp%2Fv2%2Fcomments&post=172318"}],"version-history":[{"count":0,"href":"https:\/\/diarioregionaldigital.com.br\/index.php?rest_route=\/wp\/v2\/posts\/172318\/revisions"}],"wp:featuredmedia":[{"embeddable":true,"href":"https:\/\/diarioregionaldigital.com.br\/index.php?rest_route=\/wp\/v2\/media\/172305"}],"wp:attachment":[{"href":"https:\/\/diarioregionaldigital.com.br\/index.php?rest_route=%2Fwp%2Fv2%2Fmedia&parent=172318"}],"wp:term":[{"taxonomy":"category","embeddable":true,"href":"https:\/\/diarioregionaldigital.com.br\/index.php?rest_route=%2Fwp%2Fv2%2Fcategories&post=172318"},{"taxonomy":"post_tag","embeddable":true,"href":"https:\/\/diarioregionaldigital.com.br\/index.php?rest_route=%2Fwp%2Fv2%2Ftags&post=172318"}],"curies":[{"name":"wp","href":"https:\/\/api.w.org\/{rel}","templated":true}]}}