{"id":172295,"date":"2020-11-03T19:01:38","date_gmt":"2020-11-03T22:01:38","guid":{"rendered":"https:\/\/diarioregionaldigital.com.br\/?p=172295"},"modified":"2020-11-03T19:01:38","modified_gmt":"2020-11-03T22:01:38","slug":"covid-19-juiz-de-fora-acumula-7-190-casos-confirmados-e-267-obitos","status":"publish","type":"post","link":"https:\/\/diarioregionaldigital.com.br\/?p=172295","title":{"rendered":"Covid-19: Juiz de Fora acumula 7.190 casos confirmados e 267 \u00f3bitos"},"content":{"rendered":"<p><span style=\"font-weight: 400;\">O novo boletim epidemiol\u00f3gico divulgado nesta ter\u00e7a-feira (3) pela Secretaria de Sa\u00fade (SS) da Prefeitura de Juiz de Fora (PJF), aponta que o munic\u00edpio registrou nas \u00faltimas 24h, mais 54 novos casos de Coronav\u00edrus, totalizando 7.190 pessoas infectadas.\u00a0<\/span><\/p>\n<p><span style=\"font-weight: 400;\">Segundo o levantamento, houve aumento de\u00a0 mais tr\u00eas mortes, contabilizando 267 \u00f3bitos. Al\u00e9m disso, 25.753 pacientes s\u00e3o suspeitos de terem a doen\u00e7a. Conforme o Departamento de Vigil\u00e2ncia Epidemiol\u00f3gica e Ambiental (Dvea), dentre os casos confirmados, 3.809 s\u00e3o mulheres e 3.381 homens.<\/span><\/p>\n<p><b>\u00d3bitos:<\/b><\/p>\n<p><span style=\"font-weight: 400;\">Idosa, de 88 anos, morreu no domingo, 1\u00ba de novembro. Comorbidade: Hipertens\u00e3o Arterial Sist\u00eamica (HAS);<\/span><\/p>\n<p><span style=\"font-weight: 400;\">Idosa, de 60 anos, morreu no s\u00e1bado, 31 de outubro. Comorbidades: Doen\u00e7a Hep\u00e1tica Cr\u00f4nica (DHC) e pneumopatia cr\u00f4nica;<\/span><\/p>\n<p><span style=\"font-weight: 400;\">Idoso, de 66 anos, morreu nessa segunda-feira, 2. Comorbidades: Doen\u00e7a Cardiovascular Cr\u00f4nica (DCC), Hipertens\u00e3o Arterial Sist\u00eamica (HAS), Doen\u00e7a Renal Cr\u00f4nica (DRC) e pneumopatia cr\u00f4nica;<\/span><\/p>\n<p><b>N\u00fameros de casos<\/b><\/p>\n<p><span style=\"font-weight: 400;\">&#8211; At\u00e9 um ano: 22 (0,30%)<\/span><\/p>\n<p><span style=\"font-weight: 400;\">&#8211; Um a nove anos: 124 (1,72%)<\/span><\/p>\n<p><span style=\"font-weight: 400;\">&#8211; Dez a 19: 199 (2,76%)<\/span><\/p>\n<p><span style=\"font-weight: 400;\">&#8211; 20 a 29: 1.222 (16,99%)<\/span><\/p>\n<p><span style=\"font-weight: 400;\">&#8211; 30 a 39: 1.758 (24,45%)<\/span><\/p>\n<p><span style=\"font-weight: 400;\">&#8211; 40 a 49: 1.334 (18,55%)<\/span><\/p>\n<p><span style=\"font-weight: 400;\">&#8211; 50 a 59: 1.145 (15,92%)<\/span><\/p>\n<p><span style=\"font-weight: 400;\">&#8211; 60 ou mais: 1.386 (19,27%)<\/span><\/p>\n<p><b>Leitos\u00a0<\/b><\/p>\n<p><span style=\"font-weight: 400;\">Segundo informa\u00e7\u00f5es da PJF, os leitos de enfermaria est\u00e3o com 53,24% de ocupa\u00e7\u00e3o. J\u00e1 os os leitos de UTI e SUS, est\u00e3o com taxa de 67,68% e 67,88% respectivamente.<\/span><\/p>\n<p><b>Ranking de bairros com maior n\u00famero de casos<\/b><\/p>\n<p><span style=\"font-weight: 400;\">De acordo com o Departamento de Vigil\u00e2ncia Epidemiol\u00f3gica e Ambiental (Dvea), da SS, o Bairro Barreira do Triunfo (Regi\u00e3o Norte), entrou para a lista dos locais com maiores casos positivos da doen\u00e7a, com 35 registros.<\/span><\/p>\n<p><span style=\"font-weight: 400;\">At\u00e9 o momento, o Dvea registrou 479 casos no Centro; 316 no Bairro S\u00e3o Mateus; 213 no S\u00e3o Pedro; 195 no Benfica; 134 no Progresso; 132 no Alto dos Passos; 129 no Santa Luzia; 128 no Nova Era; 122 no Santa Helena; 119 no Cascatinha; 117 no Bom Pastor; 107 no Bandeirantes; 92 no Bairu; 89 no Linhares e no Teixeiras; 88 no Santa Terezinha e no Paineiras; 85 no Monte Castelo; 82 no Granbery e no Grama; 81 no Nossa Senhora de Lourdes; 79 no Santa Cruz; 76 no Ipiranga e no Graja\u00fa; 73 no Barbosa Lage; 72 no Santo Ant\u00f4nio; 70 no Nossa Senhora Aparecida; 63 no Eldorado e no Jardim Gl\u00f3ria; 62 no Manoel Hon\u00f3rio, Borboleta e Dom Bosco; 61 no Milho Branco e Estrela Sul; 59 no Vila Ideal; 56 no J\u00f3quei Clube e S\u00e3o Judas Tadeu; 55 no Francisco Bernardino e Democrata; 53 no Industrial; 51 no Retiro; 50 no Marumbi; 49 no Nossa Senhora das Gra\u00e7as; 48 no Bonfim; 47 no Jardim Natal; 46 no Santa Efig\u00eania; 44 no S\u00e3o Bernardo e Serra D`\u00c1gua; 42 no Santa Rita; 41 no Nova Benfica; 40 no Po\u00e7o Rico, Cidade do Sol e\u00a0 Costa Carvalho; 39 no F\u00e1brica e Aeroporto; 38 no Santos Dumont; 36 no Centen\u00e1rio e Morro da Gl\u00f3ria.<\/span><\/p>\n<p><b>Casos recuperados<\/b><\/p>\n<p><span style=\"font-weight: 400;\">Segundo dados da PJF, at\u00e9 esta ter\u00e7a-feira, 6.643 pacientes est\u00e3o recuperados da doen\u00e7a, representando 92,3% dos casos confirmados.<\/span><\/p>\n","protected":false},"excerpt":{"rendered":"<p>O novo boletim epidemiol\u00f3gico divulgado nesta ter\u00e7a-feira (3) pela Secretaria de Sa\u00fade (SS) da Prefeitura de Juiz de Fora (PJF), aponta que o munic\u00edpio registrou nas \u00faltimas 24h, mais 54 novos casos de Coronav\u00edrus, totalizando 7.190 pessoas infectadas.\u00a0 Segundo o levantamento, houve aumento de\u00a0 mais tr\u00eas mortes, contabilizando 267 \u00f3bitos. Al\u00e9m disso, 25.753 pacientes s\u00e3o [&hellip;]<\/p>\n","protected":false},"author":96,"featured_media":172296,"comment_status":"closed","ping_status":"closed","sticky":false,"template":"","format":"standard","meta":{"footnotes":""},"categories":[253,436,440,439],"tags":[],"class_list":["post-172295","post","type-post","status-publish","format-standard","has-post-thumbnail","hentry","category-cidade","category-destaque-da-semana","category-destaques-do-dia","category-ultima-hora"],"_links":{"self":[{"href":"https:\/\/diarioregionaldigital.com.br\/index.php?rest_route=\/wp\/v2\/posts\/172295","targetHints":{"allow":["GET"]}}],"collection":[{"href":"https:\/\/diarioregionaldigital.com.br\/index.php?rest_route=\/wp\/v2\/posts"}],"about":[{"href":"https:\/\/diarioregionaldigital.com.br\/index.php?rest_route=\/wp\/v2\/types\/post"}],"author":[{"embeddable":true,"href":"https:\/\/diarioregionaldigital.com.br\/index.php?rest_route=\/wp\/v2\/users\/96"}],"replies":[{"embeddable":true,"href":"https:\/\/diarioregionaldigital.com.br\/index.php?rest_route=%2Fwp%2Fv2%2Fcomments&post=172295"}],"version-history":[{"count":0,"href":"https:\/\/diarioregionaldigital.com.br\/index.php?rest_route=\/wp\/v2\/posts\/172295\/revisions"}],"wp:featuredmedia":[{"embeddable":true,"href":"https:\/\/diarioregionaldigital.com.br\/index.php?rest_route=\/wp\/v2\/media\/172296"}],"wp:attachment":[{"href":"https:\/\/diarioregionaldigital.com.br\/index.php?rest_route=%2Fwp%2Fv2%2Fmedia&parent=172295"}],"wp:term":[{"taxonomy":"category","embeddable":true,"href":"https:\/\/diarioregionaldigital.com.br\/index.php?rest_route=%2Fwp%2Fv2%2Fcategories&post=172295"},{"taxonomy":"post_tag","embeddable":true,"href":"https:\/\/diarioregionaldigital.com.br\/index.php?rest_route=%2Fwp%2Fv2%2Ftags&post=172295"}],"curies":[{"name":"wp","href":"https:\/\/api.w.org\/{rel}","templated":true}]}}