{"id":172251,"date":"2020-11-03T10:56:05","date_gmt":"2020-11-03T13:56:05","guid":{"rendered":"https:\/\/diarioregionaldigital.com.br\/?p=172251"},"modified":"2020-11-03T10:56:05","modified_gmt":"2020-11-03T13:56:05","slug":"inscricoes-para-o-pism-2021-terminam-nesta-terca-feira-3","status":"publish","type":"post","link":"https:\/\/diarioregionaldigital.com.br\/?p=172251","title":{"rendered":"Inscri\u00e7\u00f5es para o Pism 2021 terminam nesta ter\u00e7a-feira, 3"},"content":{"rendered":"<p>Terminam nesta ter\u00e7a-feira, 3, as inscri\u00e7\u00f5es para o Programa de Ingresso Seletivo Misto (Pism) 2021. A Universidade Federal de Juiz de Fora (UFJF) oferece\u00a0<a href=\"https:\/\/www2.ufjf.br\/noticias\/2020\/10\/07\/pism-2021-oferece-2-303-vagas-em-76-cursos\/\" target=\"_blank\" rel=\"noopener noreferrer\">2.303 vagas em 76 cursos<\/a>\u00a0por esse m\u00e9todo de sele\u00e7\u00e3o. As provas ser\u00e3o realizadas nos dias 27 e 28 de fevereiro pelos candidatos dos m\u00f3dulos II e III, e nos dias 13 e 14 mar\u00e7o pelos candidatos do m\u00f3dulo I. As informa\u00e7\u00f5es sobre o processo seletivo podem ser\u00a0<a href=\"https:\/\/www2.ufjf.br\/copese\/vestibular-pism-2\/pism-2021\/\" target=\"_blank\" rel=\"noopener noreferrer\">acessadas no edital<\/a>.<\/p>\n<p>As inscri\u00e7\u00f5es s\u00e3o exclusivamente on-line. Os interessados devem se inscrever at\u00e9 as 18h desta ter\u00e7a-feira, 3, na\u00a0<a href=\"https:\/\/ingresso.ufjf.br\/\" target=\"_blank\" rel=\"noopener noreferrer\">\u00c1rea do Candidato<\/a>. Esse tamb\u00e9m o prazo para quem quiser\u00a0<a href=\"https:\/\/www2.ufjf.br\/noticias\/2020\/10\/15\/saiba-como-pedir-atendimento-especial-no-pism-2021\/\" target=\"_blank\" rel=\"noopener noreferrer\">solicitar atendimento especial<\/a>, seja por motivo de defici\u00eancia, por convic\u00e7\u00e3o religiosa ou para fazer as provas usando nome social. At\u00e9 esta data tamb\u00e9m \u00e9 poss\u00edvel, para os candidatos ao m\u00f3dulo III, trocar a op\u00e7\u00e3o de curso escolhida.<\/p>\n<p>Os candidatos ao m\u00f3dulo III tamb\u00e9m t\u00eam at\u00e9 esta ter\u00e7a-feira, 3, para verificar se o\u00a0<a href=\"https:\/\/www2.ufjf.br\/noticias\/2020\/10\/21\/nao-sabe-qual-grupo-escolher-entenda-o-sistema-de-cotas-na-ufjf\/\" target=\"_blank\" rel=\"noopener noreferrer\">grupo de cotas<\/a>\u00a0escolhido corresponde a sua atual situa\u00e7\u00e3o. A op\u00e7\u00e3o de grupo pode ser alterada at\u00e9 o fim das inscri\u00e7\u00f5es.<\/p>\n<p><strong>Pagamento da taxa<\/strong><\/p>\n<p>Os candidatos que n\u00e3o solicitaram isen\u00e7\u00e3o ou que tiveram seus pedidos indeferidos devem acessar a \u00c1rea do Candidata e imprimir a Guia de Recolhimento da Uni\u00e3o (GRU), referente \u00e0 taxa de inscri\u00e7\u00e3o, no valor de R$ 120. O pagamento deve ser feito at\u00e9 \u00e0s 18h do dia 4 de novembro, exclusivamente pelo Banco do Brasil.<\/p>\n<p><strong>Comprovante definitivo de inscri\u00e7\u00e3o<\/strong><\/p>\n<p>O comprovante definitivo de inscri\u00e7\u00e3o dever\u00e1 ser acessado e impresso pelos pr\u00f3prios candidatos a partir das 15h do dia 9 de fevereiro de 2021. A UFJF n\u00e3o enviar\u00e1 o documento pelos Correios, nem o entregar\u00e1 pessoalmente.<\/p>\n<p><strong>Cuidados especiais<\/strong><\/p>\n<p>Em virtude da pandemia do novo coronav\u00edrus, novas orienta\u00e7\u00f5es para realiza\u00e7\u00e3o das provas foram acrescidas no edital. Ser\u00e1 obrigat\u00f3rio o uso de m\u00e1scara facial que cubra completamente a boca e o nariz durante toda a realiza\u00e7\u00e3o das provas. A exig\u00eancia visa a cumprir os protocolos de biosseguran\u00e7a da UFJF. A Universidade n\u00e3o fornecer\u00e1 m\u00e1scaras aos candidatos.<\/p>\n<p>Durante a identifica\u00e7\u00e3o, os candidatos dever\u00e3o higienizar suas m\u00e3os com \u00e1lcool gel pr\u00f3prio, desde que esteja em recipiente transparente e sem r\u00f3tulo, ou fornecido pelo aplicador de provas.<\/p>\n<p>Todas as outras exig\u00eancia e obriga\u00e7\u00f5es para a realiza\u00e7\u00e3o das provas est\u00e3o presentes no edital.<\/p>\n<p><strong>Resultados<\/strong><\/p>\n<p>As notas das provas do M\u00f3dulo III do Pism 2021 ser\u00e3o divulgadas no dia 7 de abril de 2021. O resultado final, ap\u00f3s a interposi\u00e7\u00e3o e an\u00e1lise dos recursos, sai no dia 15 de abril de 2021. As notas das provas dos M\u00f3dulos I e II ser\u00e3o divulgadas no dia 8 de junho de 2021, sendo o resultado final publicado em 17 de junho de 2021.<\/p>\n<p><strong>Vestibular de M\u00fasica<\/strong><\/p>\n<p>Tamb\u00e9m encerram-se nesta ter\u00e7a-feira, 3, as inscri\u00e7\u00f5es para o Vestibular de M\u00fasica 2021. Os interessados devem acessar a \u00c1rea do Candidato para se inscrever. Nesse sistema de ingresso, os estudantes realizam provas de habilidade espec\u00edfica on-line, conforme indicado no edital, e utilizam as notas do Exame Nacional do Ensino M\u00e9dio (Enem) para fins de classifica\u00e7\u00e3o.\u00a0<a href=\"https:\/\/www2.ufjf.br\/noticias\/2020\/10\/16\/abertas-inscricoes-para-vestibular-de-musica-2021\/\" target=\"_blank\" rel=\"noopener noreferrer\">Saiba mais<\/a>.<\/p>\n<p><strong>Fonte:\u00a0<\/strong>Assessoria<\/p>\n","protected":false},"excerpt":{"rendered":"<p>Terminam nesta ter\u00e7a-feira, 3, as inscri\u00e7\u00f5es para o Programa de Ingresso Seletivo Misto (Pism) 2021. A Universidade Federal de Juiz de Fora (UFJF) oferece\u00a02.303 vagas em 76 cursos\u00a0por esse m\u00e9todo de sele\u00e7\u00e3o. As provas ser\u00e3o realizadas nos dias 27 e 28 de fevereiro pelos candidatos dos m\u00f3dulos II e III, e nos dias 13 e [&hellip;]<\/p>\n","protected":false},"author":96,"featured_media":172094,"comment_status":"closed","ping_status":"closed","sticky":false,"template":"","format":"standard","meta":{"footnotes":""},"categories":[253,436,440,439],"tags":[],"class_list":["post-172251","post","type-post","status-publish","format-standard","has-post-thumbnail","hentry","category-cidade","category-destaque-da-semana","category-destaques-do-dia","category-ultima-hora"],"_links":{"self":[{"href":"https:\/\/diarioregionaldigital.com.br\/index.php?rest_route=\/wp\/v2\/posts\/172251","targetHints":{"allow":["GET"]}}],"collection":[{"href":"https:\/\/diarioregionaldigital.com.br\/index.php?rest_route=\/wp\/v2\/posts"}],"about":[{"href":"https:\/\/diarioregionaldigital.com.br\/index.php?rest_route=\/wp\/v2\/types\/post"}],"author":[{"embeddable":true,"href":"https:\/\/diarioregionaldigital.com.br\/index.php?rest_route=\/wp\/v2\/users\/96"}],"replies":[{"embeddable":true,"href":"https:\/\/diarioregionaldigital.com.br\/index.php?rest_route=%2Fwp%2Fv2%2Fcomments&post=172251"}],"version-history":[{"count":0,"href":"https:\/\/diarioregionaldigital.com.br\/index.php?rest_route=\/wp\/v2\/posts\/172251\/revisions"}],"wp:featuredmedia":[{"embeddable":true,"href":"https:\/\/diarioregionaldigital.com.br\/index.php?rest_route=\/wp\/v2\/media\/172094"}],"wp:attachment":[{"href":"https:\/\/diarioregionaldigital.com.br\/index.php?rest_route=%2Fwp%2Fv2%2Fmedia&parent=172251"}],"wp:term":[{"taxonomy":"category","embeddable":true,"href":"https:\/\/diarioregionaldigital.com.br\/index.php?rest_route=%2Fwp%2Fv2%2Fcategories&post=172251"},{"taxonomy":"post_tag","embeddable":true,"href":"https:\/\/diarioregionaldigital.com.br\/index.php?rest_route=%2Fwp%2Fv2%2Ftags&post=172251"}],"curies":[{"name":"wp","href":"https:\/\/api.w.org\/{rel}","templated":true}]}}