{"id":172228,"date":"2020-11-01T00:29:07","date_gmt":"2020-11-01T03:29:07","guid":{"rendered":"https:\/\/diarioregionaldigital.com.br\/?p=172228"},"modified":"2020-11-02T15:44:59","modified_gmt":"2020-11-02T18:44:59","slug":"peca-curringa-camisa-branca","status":"publish","type":"post","link":"https:\/\/diarioregionaldigital.com.br\/?p=172228","title":{"rendered":"PE\u00c7A CORINGA: CAMISA BRANCA"},"content":{"rendered":"<p>Se tem uma pe\u00e7a que \u00e9 super curinga e muita gente adora \u00e9 a camisa branca. Vers\u00e1til, unissex ela possibilita v\u00e1rias combina\u00e7\u00e3o. \u00a0Coordenadas com cal\u00e7a, shorts, bermudas e saias voc\u00ea consegue transitar nas desde roupas mais formais formais, passando pelo office look e at\u00e9 mesmo produ\u00e7\u00f5es mais descontra\u00eddas. Se inspire!<\/p>\n<p>&nbsp;<\/p>\n<p><a href=\"https:\/\/diarioregionaldigital.com.br\/wp-content\/uploads\/2020\/11\/diario-pagina-06.pdf\">CLIQUE AQUI PARA LER A COLUNA COMPLETA<\/a><\/p>\n","protected":false},"excerpt":{"rendered":"<p>Se tem uma pe\u00e7a que \u00e9 super curinga e muita gente adora \u00e9 a camisa branca. Vers\u00e1til, unissex ela possibilita v\u00e1rias combina\u00e7\u00e3o. \u00a0Coordenadas com cal\u00e7a, shorts, bermudas e saias voc\u00ea consegue transitar nas desde roupas mais formais formais, passando pelo office look e at\u00e9 mesmo produ\u00e7\u00f5es mais descontra\u00eddas. Se inspire! &nbsp; CLIQUE AQUI PARA LER [&hellip;]<\/p>\n","protected":false},"author":96,"featured_media":172229,"comment_status":"closed","ping_status":"closed","sticky":false,"template":"","format":"standard","meta":{"footnotes":""},"categories":[1230],"tags":[],"class_list":["post-172228","post","type-post","status-publish","format-standard","has-post-thumbnail","hentry","category-moda-maria-carolina"],"_links":{"self":[{"href":"https:\/\/diarioregionaldigital.com.br\/index.php?rest_route=\/wp\/v2\/posts\/172228","targetHints":{"allow":["GET"]}}],"collection":[{"href":"https:\/\/diarioregionaldigital.com.br\/index.php?rest_route=\/wp\/v2\/posts"}],"about":[{"href":"https:\/\/diarioregionaldigital.com.br\/index.php?rest_route=\/wp\/v2\/types\/post"}],"author":[{"embeddable":true,"href":"https:\/\/diarioregionaldigital.com.br\/index.php?rest_route=\/wp\/v2\/users\/96"}],"replies":[{"embeddable":true,"href":"https:\/\/diarioregionaldigital.com.br\/index.php?rest_route=%2Fwp%2Fv2%2Fcomments&post=172228"}],"version-history":[{"count":0,"href":"https:\/\/diarioregionaldigital.com.br\/index.php?rest_route=\/wp\/v2\/posts\/172228\/revisions"}],"wp:featuredmedia":[{"embeddable":true,"href":"https:\/\/diarioregionaldigital.com.br\/index.php?rest_route=\/wp\/v2\/media\/172229"}],"wp:attachment":[{"href":"https:\/\/diarioregionaldigital.com.br\/index.php?rest_route=%2Fwp%2Fv2%2Fmedia&parent=172228"}],"wp:term":[{"taxonomy":"category","embeddable":true,"href":"https:\/\/diarioregionaldigital.com.br\/index.php?rest_route=%2Fwp%2Fv2%2Fcategories&post=172228"},{"taxonomy":"post_tag","embeddable":true,"href":"https:\/\/diarioregionaldigital.com.br\/index.php?rest_route=%2Fwp%2Fv2%2Ftags&post=172228"}],"curies":[{"name":"wp","href":"https:\/\/api.w.org\/{rel}","templated":true}]}}