{"id":172225,"date":"2020-10-31T13:35:27","date_gmt":"2020-10-31T16:35:27","guid":{"rendered":"https:\/\/diarioregionaldigital.com.br\/?p=172225"},"modified":"2020-10-31T13:35:27","modified_gmt":"2020-10-31T16:35:27","slug":"na-volta-da-f1-ao-circuito-de-imola-valtteri-bottas-crava-a-pole-position","status":"publish","type":"post","link":"https:\/\/diarioregionaldigital.com.br\/?p=172225","title":{"rendered":"Na volta da F1 ao Circuito de \u00cdmola, Valtteri Bottas crava a pole position"},"content":{"rendered":"<p>De volta ao calend\u00e1rio da F1 ap\u00f3s 16 anos de aus\u00eancia, o Circuito de \u00cdmola na It\u00e1lia, volta a receber a principal categoria do automobilismo mundial. No final do treino de hoje (31), Valtteri Bottas levou a melhor e ficou com a pole position, para o Grande Pr\u00eamio da Em\u00edlia-Romagna. O finland\u00eas foi o mais r\u00e1pido com o tempo de 1:13.609. Logo atr\u00e1s vem o atual l\u00edder do campeonato Lewis Hamilton, com 1:13.706.<\/p>\n<p>Na terceira posi\u00e7\u00e3o vem o holand\u00eas Max Verstappen com 1:14176. A surpresa est\u00e1 na quarta posi\u00e7\u00e3o, Pierre Gasly, vai largar no quarto posto com sua Alpha Tauri. Completaram os dez primeiros, da quinta \u00e0 d\u00e9cima coloca\u00e7\u00f5es: Daniel Ricciardo (Renault), Alexander Albon (Red Bull), Charles Leclerc (Ferrari), Daniil Kvyat (Alpha Tauri), Lando Norris (McLaren) e Carlos Sainz (McLaren).<\/p>\n<p>A corrida ser\u00e1 neste domingo (1), \u00e0s 09h10 (hor\u00e1rio de Bras\u00edlia). Ao todo, ser\u00e3o percorridas 63 voltas pelo Circuito de \u00cdmola na It\u00e1lia.<img decoding=\"async\" src=\"https:\/\/s2.glbimg.com\/fRjL-sC3COGDJgxshWxI9pzZBAg=\/0x0:1024x576\/984x0\/smart\/filters:strip_icc()\/i.s3.glbimg.com\/v1\/AUTH_bc8228b6673f488aa253bbcb03c80ec5\/internal_photos\/bs\/2020\/o\/E\/PYwVe1R3uBSUjmQK1gwA\/elqezkjxyayrjnw.jpg\" alt=\"Resultado da classifica\u00e7\u00e3o do GP da Emilia-Romagna \u2014 Foto: Reprodu\u00e7\u00e3o\/FOM\" \/><\/p>\n","protected":false},"excerpt":{"rendered":"<p>De volta ao calend\u00e1rio da F1 ap\u00f3s 16 anos de aus\u00eancia, o Circuito de \u00cdmola na It\u00e1lia, volta a receber a principal categoria do automobilismo mundial. No final do treino de hoje (31), Valtteri Bottas levou a melhor e ficou com a pole position, para o Grande Pr\u00eamio da Em\u00edlia-Romagna. O finland\u00eas foi o mais [&hellip;]<\/p>\n","protected":false},"author":96,"featured_media":172226,"comment_status":"closed","ping_status":"closed","sticky":false,"template":"","format":"standard","meta":{"footnotes":""},"categories":[436,257,439],"tags":[],"class_list":["post-172225","post","type-post","status-publish","format-standard","has-post-thumbnail","hentry","category-destaque-da-semana","category-esporte","category-ultima-hora"],"_links":{"self":[{"href":"https:\/\/diarioregionaldigital.com.br\/index.php?rest_route=\/wp\/v2\/posts\/172225","targetHints":{"allow":["GET"]}}],"collection":[{"href":"https:\/\/diarioregionaldigital.com.br\/index.php?rest_route=\/wp\/v2\/posts"}],"about":[{"href":"https:\/\/diarioregionaldigital.com.br\/index.php?rest_route=\/wp\/v2\/types\/post"}],"author":[{"embeddable":true,"href":"https:\/\/diarioregionaldigital.com.br\/index.php?rest_route=\/wp\/v2\/users\/96"}],"replies":[{"embeddable":true,"href":"https:\/\/diarioregionaldigital.com.br\/index.php?rest_route=%2Fwp%2Fv2%2Fcomments&post=172225"}],"version-history":[{"count":0,"href":"https:\/\/diarioregionaldigital.com.br\/index.php?rest_route=\/wp\/v2\/posts\/172225\/revisions"}],"wp:featuredmedia":[{"embeddable":true,"href":"https:\/\/diarioregionaldigital.com.br\/index.php?rest_route=\/wp\/v2\/media\/172226"}],"wp:attachment":[{"href":"https:\/\/diarioregionaldigital.com.br\/index.php?rest_route=%2Fwp%2Fv2%2Fmedia&parent=172225"}],"wp:term":[{"taxonomy":"category","embeddable":true,"href":"https:\/\/diarioregionaldigital.com.br\/index.php?rest_route=%2Fwp%2Fv2%2Fcategories&post=172225"},{"taxonomy":"post_tag","embeddable":true,"href":"https:\/\/diarioregionaldigital.com.br\/index.php?rest_route=%2Fwp%2Fv2%2Ftags&post=172225"}],"curies":[{"name":"wp","href":"https:\/\/api.w.org\/{rel}","templated":true}]}}