{"id":172217,"date":"2020-11-01T06:00:40","date_gmt":"2020-11-01T09:00:40","guid":{"rendered":"https:\/\/diarioregionaldigital.com.br\/?p=172217"},"modified":"2020-11-02T15:30:27","modified_gmt":"2020-11-02T18:30:27","slug":"prefeitura-municipal-de-tocantins-licitacao-no0132-01-11-2020","status":"publish","type":"post","link":"https:\/\/diarioregionaldigital.com.br\/?p=172217","title":{"rendered":"Prefeitura Municipal de Tocantins &#8211; Licita\u00e7\u00e3o n\u00ba0132 &#8211; 01\/11\/2020"},"content":{"rendered":"<p style=\"text-align: center;\"><strong>PREFEITURA MUNICIPAL DE TOCANTINS-MG<\/strong><\/p>\n<p style=\"text-align: center;\"><strong>AVISO DE LICITA\u00c7\u00c3O<\/strong><\/p>\n<p style=\"text-align: center;\"><strong>\u00a0LICITA\u00c7\u00c3O PROCESSO n\u00b00132\/2020<\/strong><\/p>\n<p style=\"text-align: center;\"><strong>MODALIDADE\u00a0 PREG\u00c3O PRESENCIAL n\u00b0055\/2020<\/strong><\/p>\n<p style=\"text-align: center;\">\u00a0\u00a0\u00a0\u00a0O Munic\u00edpio de TOCANTINS\/MG, na forma da lei, faz saber a todos os interessados que far\u00e1\u00a0licita\u00e7\u00e3o\u00a0tendo por objeto PREG\u00c3O PRESENCIAL ADOTANDO CRIT\u00c9RIO MENOR PRE\u00c7O GLOBAL para contrata\u00e7\u00e3o\u00a0de empresa especializada em\u00a0 presta\u00e7\u00e3o de servi\u00e7os de manuten\u00e7\u00e3o preventiva e corretiva dos equipamentos de telefonia COMO \u201cREPARO DE PABX, REDES INTERNAS\u201d e AQUISI\u00c7\u00c3O de equipamentos de telefonia para\u00a0\u00a0\u00a0atender necessidades das diversas secretarias do munic\u00edpio de Tocantins\/MG<strong>, conforme termo de referencia\u00a0 do edital<\/strong><strong>.<\/strong>\u00a0Cuja sess\u00e3o p\u00fablica se dar\u00e1 no dia\u00a0<strong>13\/11\/2020 as 08:00 horas<\/strong>\u00a0na sala da comiss\u00e3o de licita\u00e7\u00e3o, localizada na Av. Padre Mac\u00e1rio, n\u00b0 129, bairro Centro, munic\u00edpio de TOCANTINS\/MG. O edital completo encontra-se a disposi\u00e7\u00e3o dos interessados no endere\u00e7o citado anteriormente, no hor\u00e1rio de expediente de 07:00 as 11:00 horas e ou no endere\u00e7o eletr\u00f4nico\u00a0<a href=\"http:\/\/tocantins.mg.gov.br\/\">http:\/\/tocantins.mg.gov.br\/<\/a>.. TOCANTINS, 30 de outubro de 2020.<\/p>\n<p style=\"text-align: center;\"><strong>LUIZ FERNANDO BARBOSA DA SILVA<\/strong><\/p>\n<p style=\"text-align: center;\"><strong>\u00a0Pregoeiro<\/strong><\/p>\n","protected":false},"excerpt":{"rendered":"<p>PREFEITURA MUNICIPAL DE TOCANTINS-MG AVISO DE LICITA\u00c7\u00c3O \u00a0LICITA\u00c7\u00c3O PROCESSO n\u00b00132\/2020 MODALIDADE\u00a0 PREG\u00c3O PRESENCIAL n\u00b0055\/2020 \u00a0\u00a0\u00a0\u00a0O Munic\u00edpio de TOCANTINS\/MG, na forma da lei, faz saber a todos os interessados que far\u00e1\u00a0licita\u00e7\u00e3o\u00a0tendo por objeto PREG\u00c3O PRESENCIAL ADOTANDO CRIT\u00c9RIO MENOR PRE\u00c7O GLOBAL para contrata\u00e7\u00e3o\u00a0de empresa especializada em\u00a0 presta\u00e7\u00e3o de servi\u00e7os de manuten\u00e7\u00e3o preventiva e corretiva dos equipamentos de [&hellip;]<\/p>\n","protected":false},"author":96,"featured_media":0,"comment_status":"closed","ping_status":"closed","sticky":false,"template":"","format":"standard","meta":{"footnotes":""},"categories":[307],"tags":[],"class_list":["post-172217","post","type-post","status-publish","format-standard","hentry","category-editais"],"_links":{"self":[{"href":"https:\/\/diarioregionaldigital.com.br\/index.php?rest_route=\/wp\/v2\/posts\/172217","targetHints":{"allow":["GET"]}}],"collection":[{"href":"https:\/\/diarioregionaldigital.com.br\/index.php?rest_route=\/wp\/v2\/posts"}],"about":[{"href":"https:\/\/diarioregionaldigital.com.br\/index.php?rest_route=\/wp\/v2\/types\/post"}],"author":[{"embeddable":true,"href":"https:\/\/diarioregionaldigital.com.br\/index.php?rest_route=\/wp\/v2\/users\/96"}],"replies":[{"embeddable":true,"href":"https:\/\/diarioregionaldigital.com.br\/index.php?rest_route=%2Fwp%2Fv2%2Fcomments&post=172217"}],"version-history":[{"count":0,"href":"https:\/\/diarioregionaldigital.com.br\/index.php?rest_route=\/wp\/v2\/posts\/172217\/revisions"}],"wp:attachment":[{"href":"https:\/\/diarioregionaldigital.com.br\/index.php?rest_route=%2Fwp%2Fv2%2Fmedia&parent=172217"}],"wp:term":[{"taxonomy":"category","embeddable":true,"href":"https:\/\/diarioregionaldigital.com.br\/index.php?rest_route=%2Fwp%2Fv2%2Fcategories&post=172217"},{"taxonomy":"post_tag","embeddable":true,"href":"https:\/\/diarioregionaldigital.com.br\/index.php?rest_route=%2Fwp%2Fv2%2Ftags&post=172217"}],"curies":[{"name":"wp","href":"https:\/\/api.w.org\/{rel}","templated":true}]}}