{"id":172215,"date":"2020-11-01T06:00:18","date_gmt":"2020-11-01T09:00:18","guid":{"rendered":"https:\/\/diarioregionaldigital.com.br\/?p=172215"},"modified":"2020-10-31T03:31:39","modified_gmt":"2020-10-31T06:31:39","slug":"prefeitura-municipal-de-tocantins-licitacao-no0133-01-11-2020","status":"publish","type":"post","link":"https:\/\/diarioregionaldigital.com.br\/?p=172215","title":{"rendered":"Prefeitura Municipal de Tocantins &#8211; Licita\u00e7\u00e3o n\u00ba0133 &#8211; 01\/11\/2020"},"content":{"rendered":"<p style=\"text-align: center;\"><strong>PREFEITURA MUNICIPAL DE TOCANTINS-MG<\/strong><strong>\u00a0<\/strong><\/p>\n<p style=\"text-align: center;\"><strong>AVISO DE LICITA\u00c7\u00c3O<\/strong><strong>\u00a0<\/strong><\/p>\n<p style=\"text-align: center;\"><strong>PROCESSO n\u00b00133\/2020<\/strong><\/p>\n<p style=\"text-align: center;\"><strong>PREG\u00c3O PRESENCIAL n\u00b0056\/2020<\/strong><\/p>\n<p style=\"text-align: center;\">O Munic\u00edpio de TOCANTINS, na forma da lei, faz saber a todos os interessados que far\u00e1 licita\u00e7\u00e3o na modalidade de <strong>PREG\u00c3O PRESENCIAL, MENOR PRE\u00c7O POR ITEM\u00a0<\/strong>\u00a0tendo como objeto principal AQUISI\u00c7\u00c3O DE PRODUTO QU\u00cdMICO PARA UTILIZA\u00c7\u00c3O NO TRATAMENTO DE \u00c1GUA QUE \u00c9 FORNECIDA PARA A POPULA\u00c7\u00c3O DO MUNIC\u00cdPIO DE TOCANTINS-MG para atender a\u00a0 Secretaria\u00a0 Municipal de Obras P\u00fablicas. Cuja sess\u00e3o p\u00fablica se dar\u00e1 no dia\u00a0<strong><u>12\/11\/2020 as 08:00 horas<\/u><\/strong><u>\u00a0<\/u>na sala da comiss\u00e3o de licita\u00e7\u00e3o, localizada na Av. Padre Mac\u00e1rio, n\u00b0 129, bairro Centro, munic\u00edpio de TOCANTINS\/MG. O edital completo encontra-se a disposi\u00e7\u00e3o dos interessados no endere\u00e7o citado anteriormente, no hor\u00e1rio de expediente de 07:00 as 11:00 horas\u00a0e ou endere\u00e7o eletr\u00f4nico\u00a0<a href=\"http:\/\/tocantins.mg.gov.br\/\">http:\/\/tocantins.mg.gov.br\/<\/a>.\u00a0TOCANTINS, 29 de outubro de 2020.<\/p>\n<p style=\"text-align: center;\">____________________________________<\/p>\n<p style=\"text-align: center;\"><strong>LUIZ FERNANDO BARBOSA DA SILVA<\/strong><\/p>\n<p style=\"text-align: center;\"><strong>\u00a0Pregoeiro<\/strong><\/p>\n","protected":false},"excerpt":{"rendered":"<p>PREFEITURA MUNICIPAL DE TOCANTINS-MG\u00a0 AVISO DE LICITA\u00c7\u00c3O\u00a0 PROCESSO n\u00b00133\/2020 PREG\u00c3O PRESENCIAL n\u00b0056\/2020 O Munic\u00edpio de TOCANTINS, na forma da lei, faz saber a todos os interessados que far\u00e1 licita\u00e7\u00e3o na modalidade de PREG\u00c3O PRESENCIAL, MENOR PRE\u00c7O POR ITEM\u00a0\u00a0tendo como objeto principal AQUISI\u00c7\u00c3O DE PRODUTO QU\u00cdMICO PARA UTILIZA\u00c7\u00c3O NO TRATAMENTO DE \u00c1GUA QUE \u00c9 FORNECIDA PARA [&hellip;]<\/p>\n","protected":false},"author":96,"featured_media":0,"comment_status":"closed","ping_status":"closed","sticky":false,"template":"","format":"standard","meta":{"footnotes":""},"categories":[307],"tags":[],"class_list":["post-172215","post","type-post","status-publish","format-standard","hentry","category-editais"],"_links":{"self":[{"href":"https:\/\/diarioregionaldigital.com.br\/index.php?rest_route=\/wp\/v2\/posts\/172215","targetHints":{"allow":["GET"]}}],"collection":[{"href":"https:\/\/diarioregionaldigital.com.br\/index.php?rest_route=\/wp\/v2\/posts"}],"about":[{"href":"https:\/\/diarioregionaldigital.com.br\/index.php?rest_route=\/wp\/v2\/types\/post"}],"author":[{"embeddable":true,"href":"https:\/\/diarioregionaldigital.com.br\/index.php?rest_route=\/wp\/v2\/users\/96"}],"replies":[{"embeddable":true,"href":"https:\/\/diarioregionaldigital.com.br\/index.php?rest_route=%2Fwp%2Fv2%2Fcomments&post=172215"}],"version-history":[{"count":0,"href":"https:\/\/diarioregionaldigital.com.br\/index.php?rest_route=\/wp\/v2\/posts\/172215\/revisions"}],"wp:attachment":[{"href":"https:\/\/diarioregionaldigital.com.br\/index.php?rest_route=%2Fwp%2Fv2%2Fmedia&parent=172215"}],"wp:term":[{"taxonomy":"category","embeddable":true,"href":"https:\/\/diarioregionaldigital.com.br\/index.php?rest_route=%2Fwp%2Fv2%2Fcategories&post=172215"},{"taxonomy":"post_tag","embeddable":true,"href":"https:\/\/diarioregionaldigital.com.br\/index.php?rest_route=%2Fwp%2Fv2%2Ftags&post=172215"}],"curies":[{"name":"wp","href":"https:\/\/api.w.org\/{rel}","templated":true}]}}