{"id":172197,"date":"2020-10-30T20:20:44","date_gmt":"2020-10-30T23:20:44","guid":{"rendered":"https:\/\/diarioregionaldigital.com.br\/?p=172197"},"modified":"2020-10-30T20:20:44","modified_gmt":"2020-10-30T23:20:44","slug":"brasil-acumula-1594-mil-mortes-por-covid-19-desde-inicio-da-pandemia","status":"publish","type":"post","link":"https:\/\/diarioregionaldigital.com.br\/?p=172197","title":{"rendered":"Brasil acumula 159,4 mil mortes por covid-19 desde in\u00edcio da pandemia"},"content":{"rendered":"<p>Balan\u00e7o do Minist\u00e9rio da Sa\u00fade divulgado nesta sexta-feira (30), aponta que as mortes decorrentes da\u00a0covid-19 chegaram a 159.477 desde o in\u00edcio da pandemia. As informa\u00e7\u00f5es s\u00e3o consolidadas a partir de dados das secretarias estaduais de sa\u00fade.<img decoding=\"async\" src=\"https:\/\/agenciabrasil.ebc.com.br\/ebc.png?id=1391969&amp;o=node\" \/><img decoding=\"async\" src=\"https:\/\/agenciabrasil.ebc.com.br\/ebc.gif?id=1391969&amp;o=node\" \/><\/p>\n<p>Em 24 horas, desde a divulga\u00e7\u00e3o do boletim de ontem at\u00e9 a divulga\u00e7\u00e3o dos dados de hoje, foram registrados 508 \u00f3bitos. Ontem, o sistema de dados sobre a pandemia marcava 158.969 mortes por complica\u00e7\u00f5es\u00a0pela doen\u00e7a. Ainda h\u00e1 2.300 mortes em investiga\u00e7\u00e3o.<\/p>\n<p>O balan\u00e7o indica que o n\u00famero de pessoas infectadas com o novo coronav\u00edrus desde o in\u00edcio da pandemia atingiu 5.516.658. Entre ontem e hoje, foram notificados 22.282 novos diagn\u00f3sticos positivos. Ontem, o sistema do minist\u00e9rio trazia 5.468.270 pessoas com covid-19 desde o in\u00edcio da pandemia.<\/p>\n<p>Conforme a atualiza\u00e7\u00e3o do minist\u00e9rio, ainda h\u00e1 390.917 pacientes em acompanhamento. Outras 4.966.264 pessoas\u00a0se recuperaram da doen\u00e7a.<\/p>\n<h2>Covid-19 nos estados<\/h2>\n<p>Os estados com mais mortes s\u00e3o S\u00e3o Paulo (39.255), Rio de Janeiro (20.565), Cear\u00e1 (9.337), Minas Gerais (8.962) e Pernambuco (8.609). As Unidades da Federa\u00e7\u00e3o com menos \u00f3bitos s\u00e3o Acre e Roraima (692), Amap\u00e1 (747), Tocantins (1.097) e Rond\u00f4nia (1.455).<\/p>\n<p><strong>Fonte:\u00a0<\/strong>Ag\u00eancia Brasil<\/p>\n","protected":false},"excerpt":{"rendered":"<p>Balan\u00e7o do Minist\u00e9rio da Sa\u00fade divulgado nesta sexta-feira (30), aponta que as mortes decorrentes da\u00a0covid-19 chegaram a 159.477 desde o in\u00edcio da pandemia. As informa\u00e7\u00f5es s\u00e3o consolidadas a partir de dados das secretarias estaduais de sa\u00fade. Em 24 horas, desde a divulga\u00e7\u00e3o do boletim de ontem at\u00e9 a divulga\u00e7\u00e3o dos dados de hoje, foram registrados [&hellip;]<\/p>\n","protected":false},"author":96,"featured_media":172198,"comment_status":"closed","ping_status":"closed","sticky":false,"template":"","format":"standard","meta":{"footnotes":""},"categories":[302,436,439],"tags":[],"class_list":["post-172197","post","type-post","status-publish","format-standard","has-post-thumbnail","hentry","category-brasil-mundo","category-destaque-da-semana","category-ultima-hora"],"_links":{"self":[{"href":"https:\/\/diarioregionaldigital.com.br\/index.php?rest_route=\/wp\/v2\/posts\/172197","targetHints":{"allow":["GET"]}}],"collection":[{"href":"https:\/\/diarioregionaldigital.com.br\/index.php?rest_route=\/wp\/v2\/posts"}],"about":[{"href":"https:\/\/diarioregionaldigital.com.br\/index.php?rest_route=\/wp\/v2\/types\/post"}],"author":[{"embeddable":true,"href":"https:\/\/diarioregionaldigital.com.br\/index.php?rest_route=\/wp\/v2\/users\/96"}],"replies":[{"embeddable":true,"href":"https:\/\/diarioregionaldigital.com.br\/index.php?rest_route=%2Fwp%2Fv2%2Fcomments&post=172197"}],"version-history":[{"count":0,"href":"https:\/\/diarioregionaldigital.com.br\/index.php?rest_route=\/wp\/v2\/posts\/172197\/revisions"}],"wp:featuredmedia":[{"embeddable":true,"href":"https:\/\/diarioregionaldigital.com.br\/index.php?rest_route=\/wp\/v2\/media\/172198"}],"wp:attachment":[{"href":"https:\/\/diarioregionaldigital.com.br\/index.php?rest_route=%2Fwp%2Fv2%2Fmedia&parent=172197"}],"wp:term":[{"taxonomy":"category","embeddable":true,"href":"https:\/\/diarioregionaldigital.com.br\/index.php?rest_route=%2Fwp%2Fv2%2Fcategories&post=172197"},{"taxonomy":"post_tag","embeddable":true,"href":"https:\/\/diarioregionaldigital.com.br\/index.php?rest_route=%2Fwp%2Fv2%2Ftags&post=172197"}],"curies":[{"name":"wp","href":"https:\/\/api.w.org\/{rel}","templated":true}]}}