{"id":172194,"date":"2020-10-30T18:55:14","date_gmt":"2020-10-30T21:55:14","guid":{"rendered":"https:\/\/diarioregionaldigital.com.br\/?p=172194"},"modified":"2020-10-30T18:55:14","modified_gmt":"2020-10-30T21:55:14","slug":"operacao-divisas-integradas-iii-apreende-mais-de-7-toneladas-de-drogas-e-detem-832-pessoas","status":"publish","type":"post","link":"https:\/\/diarioregionaldigital.com.br\/?p=172194","title":{"rendered":"Opera\u00e7\u00e3o \u201cDivisas Integradas III\u201d apreende mais de 7 toneladas de drogas e det\u00e9m 832 pessoas"},"content":{"rendered":"<p><main class=\"clear margin-md-bottom-3\"><\/p>\n<div class=\"clear col-md-10 col-md-offset-1 \">\n<p>As primeiras a\u00e7\u00f5es da opera\u00e7\u00e3o &#8220;Divisas Integradas III&#8221;, at\u00e9 \u00e0s 18h\u00a0de quinta-feira (29\/10), resultaram em 7,3 toneladas de drogas apreendidas e 832 pessoas presas. Os trabalhos foram deflagrados simultaneamente em Minas Gerais, S\u00e3o Paulo, Mato Grosso do Sul e Paran\u00e1, estabelecendo um marco de integra\u00e7\u00e3o e parceria entre as pol\u00edcias dos quatro\u00a0estados. As atividades t\u00eam como objetivo refor\u00e7ar o combate ao crime organizado e ao narcotr\u00e1fico.<\/p>\n<p>Em Minas Gerais, at\u00e9 o momento, foram efetuadas 301 pris\u00f5es e apreendidos\u00a063 kg de drogas,\u00a019 armas e 240 objetos. A opera\u00e7\u00e3o vem sendo feita desde o \u00faltimo s\u00e1bado (24\/10) na regi\u00e3o do Tri\u00e2ngulo Mineiro. Est\u00e3o sendo empenhados, apenas em solo mineiro, 3 mil policiais, mil viaturas, seis drones e duas aeronaves.<\/p>\n<p><strong>Mais<\/strong>\u00a0<strong>resultados<\/strong><\/p>\n<p>Cerca de 20 mil policiais dos quatro territ\u00f3rios, agentes do Ex\u00e9rcito Brasileiro, da Marinha e demais \u00f3rg\u00e3os federais est\u00e3o empenhados nos trabalhos que devem se estender at\u00e9 o in\u00edcio de novembro. As a\u00e7\u00f5es preventivas, ostensivas e para cumprimento de mandados judiciais, s\u00e3o realizadas ao longo das divisas das unidades federativas. Para isso, s\u00e3o empenhadas 6.770 viaturas, 17 aeronaves, 17 drones, 142 c\u00e3es e 91 embarca\u00e7\u00f5es.<\/p>\n<p>Al\u00e9m das pris\u00f5es e das drogas recolhidas, at\u00e9 o momento a opera\u00e7\u00e3o j\u00e1 possibilitou a apreens\u00e3o de 350 mil ma\u00e7os de cigarros, 58 armas de fogo e 13,7 mil outros materiais il\u00edcitos. Tamb\u00e9m foram recuperados 21 ve\u00edculos, produtos de roubo ou furto.<\/p>\n<p><strong>Atua\u00e7\u00e3o conjunta<\/strong><\/p>\n<p>\u201cA integra\u00e7\u00e3o das for\u00e7as de Seguran\u00e7a \u00e9 um caminho sem volta e Minas Gerais est\u00e1 mergulhada nisso profundamente\u201d, diz\u00a0o subsecret\u00e1rio de Intelig\u00eancia e Atua\u00e7\u00e3o Integrada, da\u00a0<a href=\"http:\/\/www.seguranca.mg.gov.br\/\" target=\"_blank\" rel=\"noopener noreferrer\">Secretaria de Estado de Justi\u00e7a e Seguran\u00e7a P\u00fablica (Sejusp)<\/a>, general Ramon\u00a0da\u00a0Silva, durante entrevista coletiva realizada em S\u00e3o Paulo. Segundo o subsecret\u00e1rio, das 301 pris\u00f5es realizadas no estado, tr\u00eas foram recapturas importantes de indiv\u00edduos de alta periculosidade que estavam foragidos h\u00e1 muito tempo. Segundo Mar\u00e7al, \u201cse n\u00e3o fosse pela integra\u00e7\u00e3o, os indiv\u00edduos n\u00e3o teriam sido localizados\u201d.<\/p>\n<p>A atua\u00e7\u00e3o conjunta e\u00a0a troca de informa\u00e7\u00f5es de intelig\u00eancia entre estados tamb\u00e9m foram assuntos destacados pelos secret\u00e1rios de Seguran\u00e7a p\u00fablica de S\u00e3o Paulo, Mato Grosso do Sul e Paran\u00e1, que, juntamente com Minas Gerais, estiveram reunidos nesta tarde na capital paulista para acompanhar os desdobramentos e resultados da opera\u00e7\u00e3o no dia D.<\/p>\n<p>Participam da opera\u00e7\u00e3o, al\u00e9m das secretarias j\u00e1 citadas, as respectivas pol\u00edcias Militar, Civil e T\u00e9cnico Cient\u00edfica, o Corpo de Bombeiros Militar e Departamentos de Intelig\u00eancia.\u00a0Em n\u00edvel federal\u00a0est\u00e3o integrados o Ex\u00e9rcito Brasileiro, a Marinha do Brasil, a Pol\u00edcia Rodovi\u00e1ria Federal, a Pol\u00edcia Federal e a Ag\u00eancia Nacional de Transportes Terrestres (ANTT).<\/p>\n<p><strong>Fonte:\u00a0<\/strong>Ag\u00eancia Minas<\/p>\n<\/div>\n<p><\/main><\/p>\n","protected":false},"excerpt":{"rendered":"<p>As primeiras a\u00e7\u00f5es da opera\u00e7\u00e3o &#8220;Divisas Integradas III&#8221;, at\u00e9 \u00e0s 18h\u00a0de quinta-feira (29\/10), resultaram em 7,3 toneladas de drogas apreendidas e 832 pessoas presas. Os trabalhos foram deflagrados simultaneamente em Minas Gerais, S\u00e3o Paulo, Mato Grosso do Sul e Paran\u00e1, estabelecendo um marco de integra\u00e7\u00e3o e parceria entre as pol\u00edcias dos quatro\u00a0estados. As atividades t\u00eam [&hellip;]<\/p>\n","protected":false},"author":96,"featured_media":172195,"comment_status":"closed","ping_status":"closed","sticky":false,"template":"","format":"standard","meta":{"footnotes":""},"categories":[301,436,439],"tags":[],"class_list":["post-172194","post","type-post","status-publish","format-standard","has-post-thumbnail","hentry","category-artigos-policiais","category-destaque-da-semana","category-ultima-hora"],"_links":{"self":[{"href":"https:\/\/diarioregionaldigital.com.br\/index.php?rest_route=\/wp\/v2\/posts\/172194","targetHints":{"allow":["GET"]}}],"collection":[{"href":"https:\/\/diarioregionaldigital.com.br\/index.php?rest_route=\/wp\/v2\/posts"}],"about":[{"href":"https:\/\/diarioregionaldigital.com.br\/index.php?rest_route=\/wp\/v2\/types\/post"}],"author":[{"embeddable":true,"href":"https:\/\/diarioregionaldigital.com.br\/index.php?rest_route=\/wp\/v2\/users\/96"}],"replies":[{"embeddable":true,"href":"https:\/\/diarioregionaldigital.com.br\/index.php?rest_route=%2Fwp%2Fv2%2Fcomments&post=172194"}],"version-history":[{"count":0,"href":"https:\/\/diarioregionaldigital.com.br\/index.php?rest_route=\/wp\/v2\/posts\/172194\/revisions"}],"wp:featuredmedia":[{"embeddable":true,"href":"https:\/\/diarioregionaldigital.com.br\/index.php?rest_route=\/wp\/v2\/media\/172195"}],"wp:attachment":[{"href":"https:\/\/diarioregionaldigital.com.br\/index.php?rest_route=%2Fwp%2Fv2%2Fmedia&parent=172194"}],"wp:term":[{"taxonomy":"category","embeddable":true,"href":"https:\/\/diarioregionaldigital.com.br\/index.php?rest_route=%2Fwp%2Fv2%2Fcategories&post=172194"},{"taxonomy":"post_tag","embeddable":true,"href":"https:\/\/diarioregionaldigital.com.br\/index.php?rest_route=%2Fwp%2Fv2%2Ftags&post=172194"}],"curies":[{"name":"wp","href":"https:\/\/api.w.org\/{rel}","templated":true}]}}