{"id":172040,"date":"2020-10-29T10:42:56","date_gmt":"2020-10-29T13:42:56","guid":{"rendered":"https:\/\/diarioregionaldigital.com.br\/?p=172040"},"modified":"2020-10-29T10:42:56","modified_gmt":"2020-10-29T13:42:56","slug":"covid-19-anvisa-autoriza-importacao-de-materia-prima-para-vacina","status":"publish","type":"post","link":"https:\/\/diarioregionaldigital.com.br\/?p=172040","title":{"rendered":"Covid-19: Anvisa autoriza importa\u00e7\u00e3o de mat\u00e9ria-prima para vacina"},"content":{"rendered":"<p><span style=\"font-weight: 400;\">A Ag\u00eancia Nacional de Vigil\u00e2ncia Sanit\u00e1ria (Anvisa) autorizou a importa\u00e7\u00e3o, em car\u00e1ter excepcional, da vacina CoronaVac na forma de produto intermedi\u00e1rio, ou seja, n\u00e3o envasado. O insumo \u00e9 fabricado pela farmac\u00eautica chinesa Sinovac em parceria com o Instituto Butantan.<\/span><\/p>\n<p><span style=\"font-weight: 400;\">Por meio de nota, a ag\u00eancia informou que a solicita\u00e7\u00e3o de importa\u00e7\u00e3o da mat\u00e9ria-prima para fabrica\u00e7\u00e3o da vacina foi feita pelo pr\u00f3prio Butantan. A CoronaVac ainda n\u00e3o tem registro no Brasil. \u201cOs estudos ainda est\u00e3o em andamento e n\u00e3o existe previs\u00e3o de data para a vacina\u00e7\u00e3o\u201d, ressaltou a Anvisa.<\/span><\/p>\n<h2><b>Testes cl\u00ednicos<\/b><\/h2>\n<p><span style=\"font-weight: 400;\">A CoronaVac est\u00e1 na terceira fase de testes cl\u00ednicos. Como a Anvisa j\u00e1 havia aprovado a amplia\u00e7\u00e3o do estudo para 13 mil volunt\u00e1rios, o governo paulista decidiu ampliar o n\u00famero de centros de pesquisa. Na fase atual, metade dos participantes recebe a vacina e a outra metade, placebo.<\/span><\/p>\n<p><span style=\"font-weight: 400;\">Caso a \u00faltima etapa de testes comprove a efic\u00e1cia da vacina, o acordo entre a Sinovac e o Butantan prev\u00ea a transfer\u00eancia de tecnologia para produ\u00e7\u00e3o do imunizante no Brasil.<\/span><\/p>\n<h2><b>Efic\u00e1cia<\/b><\/h2>\n<p><span style=\"font-weight: 400;\">Para comprovar a efic\u00e1cia da vacina, \u00e9 preciso que pelo menos 61 participantes do estudo, que tomaram placebo, sejam contaminados pelo v\u00edrus. A partir dessa amostragem, \u00e9 feita ent\u00e3o uma compara\u00e7\u00e3o com o total dos que receberam a vacina e, eventualmente, tamb\u00e9m tiveram diagn\u00f3stico positivo da covid-19.<\/span><\/p>\n<p><span style=\"font-weight: 400;\">Se o imunizante atingir os \u00edndices necess\u00e1rios de efic\u00e1cia e seguran\u00e7a, ser\u00e1 submetido a uma avalia\u00e7\u00e3o da Anvisa para registro e s\u00f3 ent\u00e3o a vacina estaria liberada para aplica\u00e7\u00e3o na popula\u00e7\u00e3o.<\/span><\/p>\n<p><strong>Fonte:<\/strong> Ag\u00eancia Brasil<\/p>\n","protected":false},"excerpt":{"rendered":"<p>A Ag\u00eancia Nacional de Vigil\u00e2ncia Sanit\u00e1ria (Anvisa) autorizou a importa\u00e7\u00e3o, em car\u00e1ter excepcional, da vacina CoronaVac na forma de produto intermedi\u00e1rio, ou seja, n\u00e3o envasado. O insumo \u00e9 fabricado pela farmac\u00eautica chinesa Sinovac em parceria com o Instituto Butantan. Por meio de nota, a ag\u00eancia informou que a solicita\u00e7\u00e3o de importa\u00e7\u00e3o da mat\u00e9ria-prima para fabrica\u00e7\u00e3o [&hellip;]<\/p>\n","protected":false},"author":96,"featured_media":172042,"comment_status":"closed","ping_status":"closed","sticky":false,"template":"","format":"standard","meta":{"footnotes":""},"categories":[302,436,439],"tags":[],"class_list":["post-172040","post","type-post","status-publish","format-standard","has-post-thumbnail","hentry","category-brasil-mundo","category-destaque-da-semana","category-ultima-hora"],"_links":{"self":[{"href":"https:\/\/diarioregionaldigital.com.br\/index.php?rest_route=\/wp\/v2\/posts\/172040","targetHints":{"allow":["GET"]}}],"collection":[{"href":"https:\/\/diarioregionaldigital.com.br\/index.php?rest_route=\/wp\/v2\/posts"}],"about":[{"href":"https:\/\/diarioregionaldigital.com.br\/index.php?rest_route=\/wp\/v2\/types\/post"}],"author":[{"embeddable":true,"href":"https:\/\/diarioregionaldigital.com.br\/index.php?rest_route=\/wp\/v2\/users\/96"}],"replies":[{"embeddable":true,"href":"https:\/\/diarioregionaldigital.com.br\/index.php?rest_route=%2Fwp%2Fv2%2Fcomments&post=172040"}],"version-history":[{"count":0,"href":"https:\/\/diarioregionaldigital.com.br\/index.php?rest_route=\/wp\/v2\/posts\/172040\/revisions"}],"wp:featuredmedia":[{"embeddable":true,"href":"https:\/\/diarioregionaldigital.com.br\/index.php?rest_route=\/wp\/v2\/media\/172042"}],"wp:attachment":[{"href":"https:\/\/diarioregionaldigital.com.br\/index.php?rest_route=%2Fwp%2Fv2%2Fmedia&parent=172040"}],"wp:term":[{"taxonomy":"category","embeddable":true,"href":"https:\/\/diarioregionaldigital.com.br\/index.php?rest_route=%2Fwp%2Fv2%2Fcategories&post=172040"},{"taxonomy":"post_tag","embeddable":true,"href":"https:\/\/diarioregionaldigital.com.br\/index.php?rest_route=%2Fwp%2Fv2%2Ftags&post=172040"}],"curies":[{"name":"wp","href":"https:\/\/api.w.org\/{rel}","templated":true}]}}