{"id":172038,"date":"2020-10-29T10:31:45","date_gmt":"2020-10-29T13:31:45","guid":{"rendered":"https:\/\/diarioregionaldigital.com.br\/?p=172038"},"modified":"2020-10-29T10:33:43","modified_gmt":"2020-10-29T13:33:43","slug":"covid-19-minas-gerais-chega-a-mais-de-355-mil-pessoas-infectadas","status":"publish","type":"post","link":"https:\/\/diarioregionaldigital.com.br\/?p=172038","title":{"rendered":"Covid-19: Minas Gerais chega a mais de 355 mil pessoas infectadas"},"content":{"rendered":"<p>O novo\u00a0<a href=\"https:\/\/www.saude.mg.gov.br\/images\/noticias_e_eventos\/000_2020\/Boletins_Corona\/29.10.2020Boletim-Epidemiologico_COVID-19_.pdf\">boletim epidemiol\u00f3gico<\/a> publicado nesta quinta-feira (29), pela Secretaria de Estado da Sa\u00fade de Minas Gerais (SES-MG), informa que nas \u00faltimas 24h, foram notificadas mais 1.915 novos casso de Coronav\u00edrus. No acumulado, s\u00e3o 355.226 pessoas infectadas.<\/p>\n<p>Al\u00e9m disso, foram registradas mais 44 mortes pela doen\u00e7a, totalizando 8.916 \u00f3bitos. Os dados indicam que 5.026 v\u00edtimas s\u00e3o do sexo masculino e 3.860 s\u00e3o do feminino.<\/p>\n<p>Al\u00e9m disso, 324.207 pacientes est\u00e3o recuperados da doen\u00e7a, representando 91,2% dos casos e 22.103 fazem acompanhamento m\u00e9dico. Quanto aos dados de hospitaliza\u00e7\u00e3o, 34.812 pessoas est\u00e3o internadas e 320.414 est\u00e3o em isolamento domiciliar.<\/p>\n","protected":false},"excerpt":{"rendered":"<p>O novo\u00a0boletim epidemiol\u00f3gico publicado nesta quinta-feira (29), pela Secretaria de Estado da Sa\u00fade de Minas Gerais (SES-MG), informa que nas \u00faltimas 24h, foram notificadas mais 1.915 novos casso de Coronav\u00edrus. No acumulado, s\u00e3o 355.226 pessoas infectadas. Al\u00e9m disso, foram registradas mais 44 mortes pela doen\u00e7a, totalizando 8.916 \u00f3bitos. Os dados indicam que 5.026 v\u00edtimas s\u00e3o [&hellip;]<\/p>\n","protected":false},"author":96,"featured_media":165536,"comment_status":"closed","ping_status":"closed","sticky":false,"template":"","format":"standard","meta":{"footnotes":""},"categories":[436,440,252,439],"tags":[],"class_list":["post-172038","post","type-post","status-publish","format-standard","has-post-thumbnail","hentry","category-destaque-da-semana","category-destaques-do-dia","category-regiao","category-ultima-hora"],"_links":{"self":[{"href":"https:\/\/diarioregionaldigital.com.br\/index.php?rest_route=\/wp\/v2\/posts\/172038","targetHints":{"allow":["GET"]}}],"collection":[{"href":"https:\/\/diarioregionaldigital.com.br\/index.php?rest_route=\/wp\/v2\/posts"}],"about":[{"href":"https:\/\/diarioregionaldigital.com.br\/index.php?rest_route=\/wp\/v2\/types\/post"}],"author":[{"embeddable":true,"href":"https:\/\/diarioregionaldigital.com.br\/index.php?rest_route=\/wp\/v2\/users\/96"}],"replies":[{"embeddable":true,"href":"https:\/\/diarioregionaldigital.com.br\/index.php?rest_route=%2Fwp%2Fv2%2Fcomments&post=172038"}],"version-history":[{"count":0,"href":"https:\/\/diarioregionaldigital.com.br\/index.php?rest_route=\/wp\/v2\/posts\/172038\/revisions"}],"wp:featuredmedia":[{"embeddable":true,"href":"https:\/\/diarioregionaldigital.com.br\/index.php?rest_route=\/wp\/v2\/media\/165536"}],"wp:attachment":[{"href":"https:\/\/diarioregionaldigital.com.br\/index.php?rest_route=%2Fwp%2Fv2%2Fmedia&parent=172038"}],"wp:term":[{"taxonomy":"category","embeddable":true,"href":"https:\/\/diarioregionaldigital.com.br\/index.php?rest_route=%2Fwp%2Fv2%2Fcategories&post=172038"},{"taxonomy":"post_tag","embeddable":true,"href":"https:\/\/diarioregionaldigital.com.br\/index.php?rest_route=%2Fwp%2Fv2%2Ftags&post=172038"}],"curies":[{"name":"wp","href":"https:\/\/api.w.org\/{rel}","templated":true}]}}