{"id":172031,"date":"2020-10-29T06:00:03","date_gmt":"2020-10-29T09:00:03","guid":{"rendered":"https:\/\/diarioregionaldigital.com.br\/?p=172031"},"modified":"2020-10-29T01:14:27","modified_gmt":"2020-10-29T04:14:27","slug":"prefeitura-municipal-de-tocantins-licitacao-no128-29-10-2020","status":"publish","type":"post","link":"https:\/\/diarioregionaldigital.com.br\/?p=172031","title":{"rendered":"Prefeitura Municipal de Tocantins &#8211; Licita\u00e7\u00e3o n\u00ba128 &#8211; 29\/10\/2020"},"content":{"rendered":"<p style=\"text-align: center;\"><strong>PREFEITURA MUNICIPAL DE TOCANTINS-MG<\/strong><\/p>\n<p style=\"text-align: center;\"><strong>AVISO DE LICITA\u00c7\u00c3O<\/strong><\/p>\n<p style=\"text-align: center;\"><strong>\u00a0LICITA\u00c7\u00c3O PROCESSO n\u00b0128\/2020<\/strong><\/p>\n<p style=\"text-align: center;\"><strong>MODALIDADE\u00a0 PREG\u00c3O PRESENCIAL n\u00b0054\/2020<\/strong><\/p>\n<p style=\"text-align: center;\">1.1.\u00a0 O Munic\u00edpio de TOCANTINS\/MG, na forma da lei, faz saber a todos os interessados que far\u00e1 licita\u00e7\u00e3o tendo como objeto modalidade <strong>PREG\u00c3O PRESENCIAL<\/strong>, MODALIDADE DE REGISTRO DE PRE\u00c7O adotando o crit\u00e9rio de\u00a0<strong>MENOR PRE\u00c7O GLOBAL\u00a0<\/strong>\u00a0para contrata\u00e7\u00e3o de empresa \u00a0ESPECIALIZADA EM TRATAMENTO DE INTERNA\u00c7\u00c3O INVOLUNT\u00c1RIA PARA DEPEND\u00caNCIA QU\u00cdMICA INCLUINDO REMO\u00c7\u00c3O, MATR\u00cdCULA E MENSALIDADE no intuito de atender a Secretaria Municipal de Sa\u00fade do Munic\u00edpio e as demandas Judiciais para interna\u00e7\u00e3o involunt\u00e1ria recebidas pelo Munic\u00edpio. Conforme termo de refer\u00eancia do edital.\u00a0Cuja sess\u00e3o p\u00fablica se dar\u00e1 no dia\u00a0<strong>11\/11\/2020 as 08:00 horas<\/strong>\u00a0na sala da comiss\u00e3o de licita\u00e7\u00e3o, localizada na Av. Padre Mac\u00e1rio, n\u00b0 129, bairro Centro, munic\u00edpio de TOCANTINS\/MG. O edital completo encontra-se a disposi\u00e7\u00e3o dos interessados no endere\u00e7o citado anteriormente, no hor\u00e1rio de expediente de 07:00 as 11:00 horas e ou no endere\u00e7o eletr\u00f4nico\u00a0<a href=\"http:\/\/tocantins.mg.gov.br\/\">http:\/\/tocantins.mg.gov.br\/<\/a>.. TOCANTINS, 27 de outubro de 2020.<\/p>\n<p style=\"text-align: center;\"><strong>LUIZ FERNANDO BARBOSA DA SILVA<\/strong><\/p>\n<p style=\"text-align: center;\"><strong>\u00a0Pregoeiro<\/strong><\/p>\n","protected":false},"excerpt":{"rendered":"<p>PREFEITURA MUNICIPAL DE TOCANTINS-MG AVISO DE LICITA\u00c7\u00c3O \u00a0LICITA\u00c7\u00c3O PROCESSO n\u00b0128\/2020 MODALIDADE\u00a0 PREG\u00c3O PRESENCIAL n\u00b0054\/2020 1.1.\u00a0 O Munic\u00edpio de TOCANTINS\/MG, na forma da lei, faz saber a todos os interessados que far\u00e1 licita\u00e7\u00e3o tendo como objeto modalidade PREG\u00c3O PRESENCIAL, MODALIDADE DE REGISTRO DE PRE\u00c7O adotando o crit\u00e9rio de\u00a0MENOR PRE\u00c7O GLOBAL\u00a0\u00a0para contrata\u00e7\u00e3o de empresa \u00a0ESPECIALIZADA EM TRATAMENTO [&hellip;]<\/p>\n","protected":false},"author":96,"featured_media":0,"comment_status":"closed","ping_status":"closed","sticky":false,"template":"","format":"standard","meta":{"footnotes":""},"categories":[307],"tags":[],"class_list":["post-172031","post","type-post","status-publish","format-standard","hentry","category-editais"],"_links":{"self":[{"href":"https:\/\/diarioregionaldigital.com.br\/index.php?rest_route=\/wp\/v2\/posts\/172031","targetHints":{"allow":["GET"]}}],"collection":[{"href":"https:\/\/diarioregionaldigital.com.br\/index.php?rest_route=\/wp\/v2\/posts"}],"about":[{"href":"https:\/\/diarioregionaldigital.com.br\/index.php?rest_route=\/wp\/v2\/types\/post"}],"author":[{"embeddable":true,"href":"https:\/\/diarioregionaldigital.com.br\/index.php?rest_route=\/wp\/v2\/users\/96"}],"replies":[{"embeddable":true,"href":"https:\/\/diarioregionaldigital.com.br\/index.php?rest_route=%2Fwp%2Fv2%2Fcomments&post=172031"}],"version-history":[{"count":0,"href":"https:\/\/diarioregionaldigital.com.br\/index.php?rest_route=\/wp\/v2\/posts\/172031\/revisions"}],"wp:attachment":[{"href":"https:\/\/diarioregionaldigital.com.br\/index.php?rest_route=%2Fwp%2Fv2%2Fmedia&parent=172031"}],"wp:term":[{"taxonomy":"category","embeddable":true,"href":"https:\/\/diarioregionaldigital.com.br\/index.php?rest_route=%2Fwp%2Fv2%2Fcategories&post=172031"},{"taxonomy":"post_tag","embeddable":true,"href":"https:\/\/diarioregionaldigital.com.br\/index.php?rest_route=%2Fwp%2Fv2%2Ftags&post=172031"}],"curies":[{"name":"wp","href":"https:\/\/api.w.org\/{rel}","templated":true}]}}