{"id":172027,"date":"2020-10-29T06:00:47","date_gmt":"2020-10-29T09:00:47","guid":{"rendered":"https:\/\/diarioregionaldigital.com.br\/?p=172027"},"modified":"2020-10-29T01:06:19","modified_gmt":"2020-10-29T04:06:19","slug":"sonho-da-vida-real","status":"publish","type":"post","link":"https:\/\/diarioregionaldigital.com.br\/?p=172027","title":{"rendered":"Sonho da Vida Real"},"content":{"rendered":"<p style=\"text-align: center;\"><strong>Alerta Geral<\/strong><\/p>\n<p style=\"text-align: center;\">Volta \u00e0s aulas: de acordo com delibera\u00e7\u00e3o do Comit\u00ea Municipal de Enfrentamento e Preven\u00e7\u00e3o a Covid-19 e atendendo pedido do prefeito de JF, Ant\u00f4nio Almas, foi criada uma comiss\u00e3o para an\u00e1lise de protocolos para retomada das aulas presenciais, bem como estudo de um cronograma para esse retorno.<\/p>\n<p style=\"text-align: center;\"><strong>Enfeite da Hora<\/strong><\/p>\n<p style=\"text-align: center;\">Sob uma atmosfera de HollyWood, a Chanel complementou a mensagem de glamour retr\u00f4 da cole\u00e7\u00e3o ver\u00e3o 2021 com grandes \u00e9 estiloso prendedores nos cabelos das modelos em pedras coloridas. A beleza, assinada pelos estilistas tamb\u00e9m contemplou arcos e at\u00e9 rodinhas com a cara dos anos 1940. Uma viagem no tempo que promete pegar.<\/p>\n<p style=\"text-align: center;\"><strong>Em Setembro<\/strong><\/p>\n<p style=\"text-align: center;\">A arrecada\u00e7\u00e3o de impostos e contribui\u00e7\u00f5es do governo federal cresceu em setembro pelo segundo m\u00eas consecutivo. Os dados oficiais devem ser divulgados em breve, mas um levantamento da IBRE\/FGV estima alta de 1,7%.<\/p>\n<p style=\"text-align: center;\"><strong>Votando<\/strong><\/p>\n<p style=\"text-align: center;\">A Assembleia Legislativa e o Tribunal Regional Eleitoral lan\u00e7aram campanha para estimular em \u00e2mbito estadual de incentivo ao voto. A mobiliza\u00e7\u00e3o visa destacar a import\u00e2ncia do voto como exerc\u00edcio de cidadania.<\/p>\n<p style=\"text-align: center;\"><span style=\"font-size: 14pt;\"><strong>Sonho da Vida Real<\/strong><\/span><\/p>\n<p style=\"text-align: center;\">Em meio a pandemia, os estilistas Dolce &amp; Gabbana criou cole\u00e7\u00f5es sob medida que s\u00e3o uma ode \u00e1 It\u00e1lia e ao artesanato de luxo. A cole\u00e7\u00e3o masculina 2021 para o ver\u00e3o foi apresentada em Floren\u00e7a, dentro das regras sanit\u00e1rias.<\/p>\n<div id=\"attachment_172016\" style=\"width: 690px\" class=\"wp-caption aligncenter\"><img loading=\"lazy\" decoding=\"async\" aria-describedby=\"caption-attachment-172016\" class=\"wp-image-172016\" src=\"https:\/\/diarioregionaldigital.com.br\/wp-content\/uploads\/2020\/10\/fotoa-5-e1603935982189.jpeg\" alt=\"\" width=\"680\" height=\"450\" srcset=\"https:\/\/diarioregionaldigital.com.br\/wp-content\/uploads\/2020\/10\/fotoa-5-e1603935982189.jpeg 570w, https:\/\/diarioregionaldigital.com.br\/wp-content\/uploads\/2020\/10\/fotoa-5-e1603935982189-300x198.jpeg 300w, https:\/\/diarioregionaldigital.com.br\/wp-content\/uploads\/2020\/10\/fotoa-5-e1603935982189-360x238.jpeg 360w\" sizes=\"auto, (max-width: 680px) 100vw, 680px\" \/><p id=\"caption-attachment-172016\" class=\"wp-caption-text\">Homens de atitude na Expo-Arte em S\u00e3o Paulo: Eduardo Monaco, Wesley Monteiro, Jos\u00e9 Geraldo Vieira J\u00fanior e Carlos Sacchi<\/p><\/div>\n<div id=\"attachment_172017\" style=\"width: 690px\" class=\"wp-caption aligncenter\"><img loading=\"lazy\" decoding=\"async\" aria-describedby=\"caption-attachment-172017\" class=\"wp-image-172017\" src=\"https:\/\/diarioregionaldigital.com.br\/wp-content\/uploads\/2020\/10\/fotoaa-7-e1603936091130.jpeg\" alt=\"\" width=\"680\" height=\"478\" srcset=\"https:\/\/diarioregionaldigital.com.br\/wp-content\/uploads\/2020\/10\/fotoaa-7-e1603936091130.jpeg 736w, https:\/\/diarioregionaldigital.com.br\/wp-content\/uploads\/2020\/10\/fotoaa-7-e1603936091130-300x210.jpeg 300w, https:\/\/diarioregionaldigital.com.br\/wp-content\/uploads\/2020\/10\/fotoaa-7-e1603936091130-360x253.jpeg 360w, https:\/\/diarioregionaldigital.com.br\/wp-content\/uploads\/2020\/10\/fotoaa-7-e1603936091130-100x70.jpeg 100w\" sizes=\"auto, (max-width: 680px) 100vw, 680px\" \/><p id=\"caption-attachment-172017\" class=\"wp-caption-text\">O professor Carlos Garcia faz palestra hoje(29), na Uniandrade, em Curitiba(PR), sobre Literatura Brasileira<\/p><\/div>\n<div id=\"attachment_172018\" style=\"width: 690px\" class=\"wp-caption aligncenter\"><img loading=\"lazy\" decoding=\"async\" aria-describedby=\"caption-attachment-172018\" class=\"wp-image-172018\" src=\"https:\/\/diarioregionaldigital.com.br\/wp-content\/uploads\/2020\/10\/fotob-17-e1603936141253.jpg\" alt=\"\" width=\"680\" height=\"493\" srcset=\"https:\/\/diarioregionaldigital.com.br\/wp-content\/uploads\/2020\/10\/fotob-17-e1603936141253.jpg 774w, https:\/\/diarioregionaldigital.com.br\/wp-content\/uploads\/2020\/10\/fotob-17-e1603936141253-300x217.jpg 300w, https:\/\/diarioregionaldigital.com.br\/wp-content\/uploads\/2020\/10\/fotob-17-e1603936141253-768x557.jpg 768w, https:\/\/diarioregionaldigital.com.br\/wp-content\/uploads\/2020\/10\/fotob-17-e1603936141253-360x261.jpg 360w\" sizes=\"auto, (max-width: 680px) 100vw, 680px\" \/><p id=\"caption-attachment-172018\" class=\"wp-caption-text\">Voltando a ocupar seu lugar como musa desta coluna social on-line, a bela Ra\u00edssa Ara\u00fajo<\/p><\/div>\n<div id=\"attachment_172019\" style=\"width: 690px\" class=\"wp-caption aligncenter\"><img loading=\"lazy\" decoding=\"async\" aria-describedby=\"caption-attachment-172019\" class=\"wp-image-172019\" src=\"https:\/\/diarioregionaldigital.com.br\/wp-content\/uploads\/2020\/10\/fotoc-e1603936175251.jpeg\" alt=\"\" width=\"680\" height=\"488\" srcset=\"https:\/\/diarioregionaldigital.com.br\/wp-content\/uploads\/2020\/10\/fotoc-e1603936175251.jpeg 716w, https:\/\/diarioregionaldigital.com.br\/wp-content\/uploads\/2020\/10\/fotoc-e1603936175251-300x215.jpeg 300w, https:\/\/diarioregionaldigital.com.br\/wp-content\/uploads\/2020\/10\/fotoc-e1603936175251-360x258.jpeg 360w\" sizes=\"auto, (max-width: 680px) 100vw, 680px\" \/><p id=\"caption-attachment-172019\" class=\"wp-caption-text\">Em foto exclusiva de Valdir J\u00fanior, o fot\u00f3grafo e modelo Vagner Maia<\/p><\/div>\n<div id=\"attachment_172020\" style=\"width: 690px\" class=\"wp-caption aligncenter\"><img loading=\"lazy\" decoding=\"async\" aria-describedby=\"caption-attachment-172020\" class=\"wp-image-172020\" src=\"https:\/\/diarioregionaldigital.com.br\/wp-content\/uploads\/2020\/10\/fotod-13-e1603936199366.jpg\" alt=\"\" width=\"680\" height=\"482\" srcset=\"https:\/\/diarioregionaldigital.com.br\/wp-content\/uploads\/2020\/10\/fotod-13-e1603936199366.jpg 1731w, https:\/\/diarioregionaldigital.com.br\/wp-content\/uploads\/2020\/10\/fotod-13-e1603936199366-300x213.jpg 300w, https:\/\/diarioregionaldigital.com.br\/wp-content\/uploads\/2020\/10\/fotod-13-e1603936199366-1024x726.jpg 1024w, https:\/\/diarioregionaldigital.com.br\/wp-content\/uploads\/2020\/10\/fotod-13-e1603936199366-768x544.jpg 768w, https:\/\/diarioregionaldigital.com.br\/wp-content\/uploads\/2020\/10\/fotod-13-e1603936199366-1536x1089.jpg 1536w, https:\/\/diarioregionaldigital.com.br\/wp-content\/uploads\/2020\/10\/fotod-13-e1603936199366-750x530.jpg 750w, https:\/\/diarioregionaldigital.com.br\/wp-content\/uploads\/2020\/10\/fotod-13-e1603936199366-360x255.jpg 360w, https:\/\/diarioregionaldigital.com.br\/wp-content\/uploads\/2020\/10\/fotod-13-e1603936199366-100x70.jpg 100w\" sizes=\"auto, (max-width: 680px) 100vw, 680px\" \/><p id=\"caption-attachment-172020\" class=\"wp-caption-text\">Gente chique e talentosa fazendo social: Dalva Westermann, Alethea Westermann e Paulo C\u00e9sar Louren\u00e7o<\/p><\/div>\n<div id=\"attachment_172021\" style=\"width: 690px\" class=\"wp-caption aligncenter\"><img loading=\"lazy\" decoding=\"async\" aria-describedby=\"caption-attachment-172021\" class=\"wp-image-172021\" src=\"https:\/\/diarioregionaldigital.com.br\/wp-content\/uploads\/2020\/10\/fotoe-14-e1603936242223.jpg\" alt=\"\" width=\"680\" height=\"481\" srcset=\"https:\/\/diarioregionaldigital.com.br\/wp-content\/uploads\/2020\/10\/fotoe-14-e1603936242223.jpg 526w, https:\/\/diarioregionaldigital.com.br\/wp-content\/uploads\/2020\/10\/fotoe-14-e1603936242223-300x212.jpg 300w, https:\/\/diarioregionaldigital.com.br\/wp-content\/uploads\/2020\/10\/fotoe-14-e1603936242223-360x255.jpg 360w, https:\/\/diarioregionaldigital.com.br\/wp-content\/uploads\/2020\/10\/fotoe-14-e1603936242223-100x70.jpg 100w\" sizes=\"auto, (max-width: 680px) 100vw, 680px\" \/><p id=\"caption-attachment-172021\" class=\"wp-caption-text\">Fazendo social em almo\u00e7o chique: Jorge Modesto<\/p><\/div>\n<div id=\"attachment_172022\" style=\"width: 690px\" class=\"wp-caption aligncenter\"><img loading=\"lazy\" decoding=\"async\" aria-describedby=\"caption-attachment-172022\" class=\"wp-image-172022\" src=\"https:\/\/diarioregionaldigital.com.br\/wp-content\/uploads\/2020\/10\/fotof-11-e1603936271634.jpg\" alt=\"\" width=\"680\" height=\"480\" srcset=\"https:\/\/diarioregionaldigital.com.br\/wp-content\/uploads\/2020\/10\/fotof-11-e1603936271634.jpg 640w, https:\/\/diarioregionaldigital.com.br\/wp-content\/uploads\/2020\/10\/fotof-11-e1603936271634-300x212.jpg 300w, https:\/\/diarioregionaldigital.com.br\/wp-content\/uploads\/2020\/10\/fotof-11-e1603936271634-360x254.jpg 360w, https:\/\/diarioregionaldigital.com.br\/wp-content\/uploads\/2020\/10\/fotof-11-e1603936271634-100x70.jpg 100w\" sizes=\"auto, (max-width: 680px) 100vw, 680px\" \/><p id=\"caption-attachment-172022\" class=\"wp-caption-text\">Fran\u00e7oise Loures Tenchini em fase isolamento social<\/p><\/div>\n<div id=\"attachment_172023\" style=\"width: 690px\" class=\"wp-caption aligncenter\"><img loading=\"lazy\" decoding=\"async\" aria-describedby=\"caption-attachment-172023\" class=\"wp-image-172023\" src=\"https:\/\/diarioregionaldigital.com.br\/wp-content\/uploads\/2020\/10\/fotog-17-e1603936301821.jpg\" alt=\"\" width=\"680\" height=\"474\" srcset=\"https:\/\/diarioregionaldigital.com.br\/wp-content\/uploads\/2020\/10\/fotog-17-e1603936301821.jpg 537w, https:\/\/diarioregionaldigital.com.br\/wp-content\/uploads\/2020\/10\/fotog-17-e1603936301821-300x210.jpg 300w, https:\/\/diarioregionaldigital.com.br\/wp-content\/uploads\/2020\/10\/fotog-17-e1603936301821-360x251.jpg 360w, https:\/\/diarioregionaldigital.com.br\/wp-content\/uploads\/2020\/10\/fotog-17-e1603936301821-100x70.jpg 100w\" sizes=\"auto, (max-width: 680px) 100vw, 680px\" \/><p id=\"caption-attachment-172023\" class=\"wp-caption-text\">A primavera em forma de girassol de Denise Bedenelli primeira em forma de girassol de Denise Bedenelli<\/p><\/div>\n<div id=\"attachment_172024\" style=\"width: 690px\" class=\"wp-caption aligncenter\"><img loading=\"lazy\" decoding=\"async\" aria-describedby=\"caption-attachment-172024\" class=\"wp-image-172024\" src=\"https:\/\/diarioregionaldigital.com.br\/wp-content\/uploads\/2020\/10\/fotoh-15-e1603936328789.jpg\" alt=\"\" width=\"680\" height=\"496\" srcset=\"https:\/\/diarioregionaldigital.com.br\/wp-content\/uploads\/2020\/10\/fotoh-15-e1603936328789.jpg 1425w, https:\/\/diarioregionaldigital.com.br\/wp-content\/uploads\/2020\/10\/fotoh-15-e1603936328789-300x219.jpg 300w, https:\/\/diarioregionaldigital.com.br\/wp-content\/uploads\/2020\/10\/fotoh-15-e1603936328789-1024x747.jpg 1024w, https:\/\/diarioregionaldigital.com.br\/wp-content\/uploads\/2020\/10\/fotoh-15-e1603936328789-768x561.jpg 768w, https:\/\/diarioregionaldigital.com.br\/wp-content\/uploads\/2020\/10\/fotoh-15-e1603936328789-360x263.jpg 360w\" sizes=\"auto, (max-width: 680px) 100vw, 680px\" \/><p id=\"caption-attachment-172024\" class=\"wp-caption-text\">A classe e eleg\u00e2ncia de Lu Mendes em flor de primavera<\/p><\/div>\n<div id=\"attachment_172025\" style=\"width: 690px\" class=\"wp-caption aligncenter\"><img loading=\"lazy\" decoding=\"async\" aria-describedby=\"caption-attachment-172025\" class=\"wp-image-172025\" src=\"https:\/\/diarioregionaldigital.com.br\/wp-content\/uploads\/2020\/10\/fotoi-4-e1603936357101.jpeg\" alt=\"\" width=\"680\" height=\"456\" srcset=\"https:\/\/diarioregionaldigital.com.br\/wp-content\/uploads\/2020\/10\/fotoi-4-e1603936357101.jpeg 939w, https:\/\/diarioregionaldigital.com.br\/wp-content\/uploads\/2020\/10\/fotoi-4-e1603936357101-300x201.jpeg 300w, https:\/\/diarioregionaldigital.com.br\/wp-content\/uploads\/2020\/10\/fotoi-4-e1603936357101-768x515.jpeg 768w, https:\/\/diarioregionaldigital.com.br\/wp-content\/uploads\/2020\/10\/fotoi-4-e1603936357101-360x242.jpeg 360w\" sizes=\"auto, (max-width: 680px) 100vw, 680px\" \/><p id=\"caption-attachment-172025\" class=\"wp-caption-text\">Lindezas saboreando chocolates na Chage: Camila Sim\u00f5es, a deputada estadual Laura Serrano e Ana Paula Backx<\/p><\/div>\n<p style=\"text-align: center;\"><strong>FOTOSS\u00cdNTESE<\/strong><\/p>\n<p>No m\u00eas do odont\u00f3logo nossa homenagem para os nobres dentistas: Mauro Cruz, Luzia Coelho, Robson Rangel Gusm\u00e3o, Lena Cruz, Heverson San\u00e1bio, Gustavo Cruz, Leyla Almeida, Patr\u00edcia Touma, Gra\u00e7a e Miranda Chaves, Val\u00e9ria Cruz, Luciana Carvalho Cruz e Fernando Cruz.<\/p>\n<p>O cartunista-chargista Andr\u00e9 Ribeiro Silva est\u00e1 com tudo e n\u00e3o est\u00e1 prosa. Ele foi uma dos escolhidos para receber o Pr\u00eamio Destaque Vladimir Herzog Continuada. Aplausos.<\/p>\n<p>Com o calend\u00e1rio apontando o dia 21 de novembro ser\u00e1 realizado o MC Dia Feliz, com renda para a Funda\u00e7\u00e3o Ricardo Moys\u00e9s J\u00fanior. Devido a pandemia a troca de sandu\u00edches vai ocorrer em drive thur e no balc\u00e3o. A venda antecipada de tickets j\u00e1 come\u00e7ou a R$17.<\/p>\n<p>Elegante e fino o cerimonia lista J\u00fanior Caifa vai promover feira de casamento on-line, com inscri\u00e7\u00f5es para a Wedding Fair somente pelo site do evento http:\/\/convite.weddingfair.com.br\/<\/p>\n<p>Est\u00e1 bonito de ler as poesias pelas palavras escritas do jornalista e professor mineiro Roberto Nicolato. O livro \u201cPequeno tratado do amor e da natureza\u201d re\u00fane trabalhos escritos ao longo de 40 anos e mostra a intensidade do autor.<\/p>\n<p>Ouvi no elevador: Ilumine com cor, onde isso seja urgente.<\/p>\n<p>O Bar da Pra\u00e7a que promovia encontros musicais no bairro de Lourdes agora aterrissa em Marip\u00e1 (MG), com estilo pr\u00f3prio. Ponto para o propriet\u00e1rio Cadu.<\/p>\n<p>Aten\u00e7\u00e3o: Em tempo de elei\u00e7\u00f5es pense bem pois a formiga, com \u00f3dio da cigarra votou no inseticida. Morreram todos, incluindo o grilo falante e o pernilongo que votaram nulo. (Sabedoria Popular) Bom dia.<\/p>\n","protected":false},"excerpt":{"rendered":"<p>Alerta Geral Volta \u00e0s aulas: de acordo com delibera\u00e7\u00e3o do Comit\u00ea Municipal de Enfrentamento e Preven\u00e7\u00e3o a Covid-19 e atendendo pedido do prefeito de JF, Ant\u00f4nio Almas, foi criada uma comiss\u00e3o para an\u00e1lise de protocolos para retomada das aulas presenciais, bem como estudo de um cronograma para esse retorno. Enfeite da Hora Sob uma atmosfera [&hellip;]<\/p>\n","protected":false},"author":96,"featured_media":172016,"comment_status":"closed","ping_status":"closed","sticky":false,"template":"","format":"standard","meta":{"footnotes":""},"categories":[264],"tags":[],"class_list":["post-172027","post","type-post","status-publish","format-standard","has-post-thumbnail","hentry","category-eduardo-gomes"],"_links":{"self":[{"href":"https:\/\/diarioregionaldigital.com.br\/index.php?rest_route=\/wp\/v2\/posts\/172027","targetHints":{"allow":["GET"]}}],"collection":[{"href":"https:\/\/diarioregionaldigital.com.br\/index.php?rest_route=\/wp\/v2\/posts"}],"about":[{"href":"https:\/\/diarioregionaldigital.com.br\/index.php?rest_route=\/wp\/v2\/types\/post"}],"author":[{"embeddable":true,"href":"https:\/\/diarioregionaldigital.com.br\/index.php?rest_route=\/wp\/v2\/users\/96"}],"replies":[{"embeddable":true,"href":"https:\/\/diarioregionaldigital.com.br\/index.php?rest_route=%2Fwp%2Fv2%2Fcomments&post=172027"}],"version-history":[{"count":0,"href":"https:\/\/diarioregionaldigital.com.br\/index.php?rest_route=\/wp\/v2\/posts\/172027\/revisions"}],"wp:featuredmedia":[{"embeddable":true,"href":"https:\/\/diarioregionaldigital.com.br\/index.php?rest_route=\/wp\/v2\/media\/172016"}],"wp:attachment":[{"href":"https:\/\/diarioregionaldigital.com.br\/index.php?rest_route=%2Fwp%2Fv2%2Fmedia&parent=172027"}],"wp:term":[{"taxonomy":"category","embeddable":true,"href":"https:\/\/diarioregionaldigital.com.br\/index.php?rest_route=%2Fwp%2Fv2%2Fcategories&post=172027"},{"taxonomy":"post_tag","embeddable":true,"href":"https:\/\/diarioregionaldigital.com.br\/index.php?rest_route=%2Fwp%2Fv2%2Ftags&post=172027"}],"curies":[{"name":"wp","href":"https:\/\/api.w.org\/{rel}","templated":true}]}}