{"id":172014,"date":"2020-10-28T20:10:17","date_gmt":"2020-10-28T23:10:17","guid":{"rendered":"https:\/\/diarioregionaldigital.com.br\/?p=172014"},"modified":"2020-10-28T20:10:17","modified_gmt":"2020-10-28T23:10:17","slug":"brasil-tem-1584-mil-mortes-por-covid-19-desde-inicio-da-pandemia","status":"publish","type":"post","link":"https:\/\/diarioregionaldigital.com.br\/?p=172014","title":{"rendered":"Brasil tem 158,4 mil mortes por covid-19 desde in\u00edcio da pandemia"},"content":{"rendered":"<p>O balan\u00e7o divulgado hoje (28) pelo Minist\u00e9rio da Sa\u00fade (MS) mostra 28.629 novos casos de covid-19 em 24 horas, desde o boletim divulgado ontem. Agora s\u00e3o 5.468.270 de casos desde o come\u00e7o da pandemia. Al\u00e9m disso, foram registradas 510 novas mortes, totalizando 158.456 \u00f3bitos. Do total de infectados,\u00a04.934.548 pessoas (90,2%) se recuperaram da doen\u00e7a.<img decoding=\"async\" src=\"https:\/\/agenciabrasil.ebc.com.br\/ebc.png?id=1391791&amp;o=node\" \/><img decoding=\"async\" src=\"https:\/\/agenciabrasil.ebc.com.br\/ebc.gif?id=1391791&amp;o=node\" \/><\/p>\n<p>O balan\u00e7o do Minist\u00e9rio da Sa\u00fade \u00e9 feito a partir de registros reunidos pelas secretarias estaduais de sa\u00fade e enviados \u00e0 pasta para consolida\u00e7\u00e3o.<\/p>\n<h2>Covid-19 nos estados<\/h2>\n<p>S\u00e3o Paulo chegou a 1.103.582 de pessoas contaminadas. Os outros estados com maior n\u00famero de casos no pa\u00eds s\u00e3o Minas Gerais (353.311) e Bahia (349.711). J\u00e1 o Acre\u00a0tem o menor n\u00famero de casos (30.545), seguido de Amap\u00e1 (51.523) e Roraima (56.469).<\/p>\n<p>S\u00e3o Paulo tamb\u00e9m lidera o n\u00famero de pessoas que morreram por complica\u00e7\u00f5es da covid-19, com 39.007 mortes. Rio de Janeiro (20.376) e Cear\u00e1 (9.325) aparecem na sequ\u00eancia. Os estados com menos mortes s\u00e3o Acre (691), Roraima (692) e Amap\u00e1 (744).<\/p>\n<p><strong>Fonte:\u00a0<\/strong>Ag\u00eancia Brasil<\/p>\n","protected":false},"excerpt":{"rendered":"<p>O balan\u00e7o divulgado hoje (28) pelo Minist\u00e9rio da Sa\u00fade (MS) mostra 28.629 novos casos de covid-19 em 24 horas, desde o boletim divulgado ontem. Agora s\u00e3o 5.468.270 de casos desde o come\u00e7o da pandemia. Al\u00e9m disso, foram registradas 510 novas mortes, totalizando 158.456 \u00f3bitos. Do total de infectados,\u00a04.934.548 pessoas (90,2%) se recuperaram da doen\u00e7a. O [&hellip;]<\/p>\n","protected":false},"author":96,"featured_media":157926,"comment_status":"closed","ping_status":"closed","sticky":false,"template":"","format":"standard","meta":{"footnotes":""},"categories":[302,436,439],"tags":[],"class_list":["post-172014","post","type-post","status-publish","format-standard","has-post-thumbnail","hentry","category-brasil-mundo","category-destaque-da-semana","category-ultima-hora"],"_links":{"self":[{"href":"https:\/\/diarioregionaldigital.com.br\/index.php?rest_route=\/wp\/v2\/posts\/172014","targetHints":{"allow":["GET"]}}],"collection":[{"href":"https:\/\/diarioregionaldigital.com.br\/index.php?rest_route=\/wp\/v2\/posts"}],"about":[{"href":"https:\/\/diarioregionaldigital.com.br\/index.php?rest_route=\/wp\/v2\/types\/post"}],"author":[{"embeddable":true,"href":"https:\/\/diarioregionaldigital.com.br\/index.php?rest_route=\/wp\/v2\/users\/96"}],"replies":[{"embeddable":true,"href":"https:\/\/diarioregionaldigital.com.br\/index.php?rest_route=%2Fwp%2Fv2%2Fcomments&post=172014"}],"version-history":[{"count":0,"href":"https:\/\/diarioregionaldigital.com.br\/index.php?rest_route=\/wp\/v2\/posts\/172014\/revisions"}],"wp:featuredmedia":[{"embeddable":true,"href":"https:\/\/diarioregionaldigital.com.br\/index.php?rest_route=\/wp\/v2\/media\/157926"}],"wp:attachment":[{"href":"https:\/\/diarioregionaldigital.com.br\/index.php?rest_route=%2Fwp%2Fv2%2Fmedia&parent=172014"}],"wp:term":[{"taxonomy":"category","embeddable":true,"href":"https:\/\/diarioregionaldigital.com.br\/index.php?rest_route=%2Fwp%2Fv2%2Fcategories&post=172014"},{"taxonomy":"post_tag","embeddable":true,"href":"https:\/\/diarioregionaldigital.com.br\/index.php?rest_route=%2Fwp%2Fv2%2Ftags&post=172014"}],"curies":[{"name":"wp","href":"https:\/\/api.w.org\/{rel}","templated":true}]}}