{"id":171947,"date":"2020-10-28T10:28:19","date_gmt":"2020-10-28T13:28:19","guid":{"rendered":"https:\/\/diarioregionaldigital.com.br\/?p=171947"},"modified":"2020-10-28T10:28:19","modified_gmt":"2020-10-28T13:28:19","slug":"covid-19-estado-tem-322-163-casos-recuperados","status":"publish","type":"post","link":"https:\/\/diarioregionaldigital.com.br\/?p=171947","title":{"rendered":"Covid-19: Estado tem 322.163 casos recuperados"},"content":{"rendered":"<p>A Secretaria de Estado da Sa\u00fade de Minas Gerais (SES-MG), publicou nesta quarta-feira (28), mais uma atualiza\u00e7\u00e3o do <a href=\"https:\/\/www.saude.mg.gov.br\/images\/noticias_e_eventos\/000_2020\/Boletins_Corona\/28.10.2020Boletim-Epidemiologico_COVID-19_.pdf\">boletim epidemiol\u00f3gico<\/a> referente ao Coronav\u00edrus. Os dados apontam que 322.163 pacientes est\u00e3o recuperados do Coronav\u00edrus, o que representa 91,1% dos casos. Nas \u00faltimas 24h, o estado obteve 2,278 pessoas infectadas, totalizando 353.311 casos confirmados.<\/p>\n<p>De acordo com o levantamento, foram contabilizadas mais 83 mortes, acumulando 8.872 \u00f3bitos. Os dados indicam que 5.029 v\u00edtimas s\u00e3o do sexo masculino e 3.843 s\u00e3o do feminino. Al\u00e9m disso, 22.276 fazem acompanhamento m\u00e9dico. Quanto aos dados de hospitaliza\u00e7\u00e3o, 35.419 pessoas est\u00e3o internadas e 317.892 est\u00e3o em isolamento domiciliar.<\/p>\n","protected":false},"excerpt":{"rendered":"<p>A Secretaria de Estado da Sa\u00fade de Minas Gerais (SES-MG), publicou nesta quarta-feira (28), mais uma atualiza\u00e7\u00e3o do boletim epidemiol\u00f3gico referente ao Coronav\u00edrus. Os dados apontam que 322.163 pacientes est\u00e3o recuperados do Coronav\u00edrus, o que representa 91,1% dos casos. Nas \u00faltimas 24h, o estado obteve 2,278 pessoas infectadas, totalizando 353.311 casos confirmados. De acordo com [&hellip;]<\/p>\n","protected":false},"author":96,"featured_media":171948,"comment_status":"closed","ping_status":"closed","sticky":false,"template":"","format":"standard","meta":{"footnotes":""},"categories":[436,440,262,252,439],"tags":[],"class_list":["post-171947","post","type-post","status-publish","format-standard","has-post-thumbnail","hentry","category-destaque-da-semana","category-destaques-do-dia","category-noticias","category-regiao","category-ultima-hora"],"_links":{"self":[{"href":"https:\/\/diarioregionaldigital.com.br\/index.php?rest_route=\/wp\/v2\/posts\/171947","targetHints":{"allow":["GET"]}}],"collection":[{"href":"https:\/\/diarioregionaldigital.com.br\/index.php?rest_route=\/wp\/v2\/posts"}],"about":[{"href":"https:\/\/diarioregionaldigital.com.br\/index.php?rest_route=\/wp\/v2\/types\/post"}],"author":[{"embeddable":true,"href":"https:\/\/diarioregionaldigital.com.br\/index.php?rest_route=\/wp\/v2\/users\/96"}],"replies":[{"embeddable":true,"href":"https:\/\/diarioregionaldigital.com.br\/index.php?rest_route=%2Fwp%2Fv2%2Fcomments&post=171947"}],"version-history":[{"count":0,"href":"https:\/\/diarioregionaldigital.com.br\/index.php?rest_route=\/wp\/v2\/posts\/171947\/revisions"}],"wp:featuredmedia":[{"embeddable":true,"href":"https:\/\/diarioregionaldigital.com.br\/index.php?rest_route=\/wp\/v2\/media\/171948"}],"wp:attachment":[{"href":"https:\/\/diarioregionaldigital.com.br\/index.php?rest_route=%2Fwp%2Fv2%2Fmedia&parent=171947"}],"wp:term":[{"taxonomy":"category","embeddable":true,"href":"https:\/\/diarioregionaldigital.com.br\/index.php?rest_route=%2Fwp%2Fv2%2Fcategories&post=171947"},{"taxonomy":"post_tag","embeddable":true,"href":"https:\/\/diarioregionaldigital.com.br\/index.php?rest_route=%2Fwp%2Fv2%2Ftags&post=171947"}],"curies":[{"name":"wp","href":"https:\/\/api.w.org\/{rel}","templated":true}]}}