{"id":171936,"date":"2020-10-28T06:00:46","date_gmt":"2020-10-28T09:00:46","guid":{"rendered":"https:\/\/diarioregionaldigital.com.br\/?p=171936"},"modified":"2020-10-28T02:13:42","modified_gmt":"2020-10-28T05:13:42","slug":"em-alta-9","status":"publish","type":"post","link":"https:\/\/diarioregionaldigital.com.br\/?p=171936","title":{"rendered":"Em Alta"},"content":{"rendered":"<p style=\"text-align: center;\"><strong>Not\u00edcia Boa<\/strong><\/p>\n<p style=\"text-align: center;\">Com seu alt\u00edssimo astral, o presidente do Petr\u00f3polis Convention &amp; Visitors Bureau, Samir El Ghaoui \u00e9 quem vai coordenar o Petr\u00f3polis Gourmet, que come\u00e7a dia 30 com 28 restaurantes participantes e servi\u00e7o delivery. O tema deste ano ser\u00e1 \u201cA magia do fogo: segredos e sabores que as chamas podem revelar\u201d.<\/p>\n<p style=\"text-align: center;\"><strong>Museus<\/strong><\/p>\n<p style=\"text-align: center;\">Atualmente morando no Rio de Janeiro, o coordenador de Museus da Funarj e diretor da Casa da Marquesa de Santos Douglas Fasolato, fez a abertura do Encontro de Jardins Hist\u00f3ricos, em vers\u00e3o on-line, transmitido pelo canal da Rede Brasileira de Jardins e paisagens, no YouTube.<\/p>\n<p style=\"text-align: center;\"><strong>Novidade <\/strong><\/p>\n<p style=\"text-align: center;\">Com a janela aberta e apesar de algumas nuvens carregadas no c\u00e9u, o GPS, o maior grupo de Terceiriza\u00e7\u00e3o e Servi\u00e7os do Brasil, decidiu fazer o primeiro IPO (abertura de capital em bolsa) do setor. Est\u00e1 previsto para 2021. Pretende levantar R3 bilh\u00f5es. Para tocar a opera\u00e7\u00e3o convocou o BTG, Citi, Morgon Stamby e a Goldman Sachs.<\/p>\n<p style=\"text-align: center;\"><strong>Em Alta<\/strong><\/p>\n<p style=\"text-align: center;\">Din\u00e2mico e atuante, o presidente da OAB\/JF, Jo\u00e3o Fernando Louren\u00e7o \u00e9 um dos palestrantes confirmados no Congresso de Processo Civil, com o calend\u00e1rio marcando os dias 16 e 17 de novembro pelo YouTube da OAB\/MG.<\/p>\n<p style=\"text-align: center;\"><span style=\"font-size: 14pt;\"><strong>Caldeir\u00e3o <\/strong><\/span><\/p>\n<p style=\"text-align: center;\">Nas campanhas para prefeito em Juiz de Fora na televis\u00e3o t\u00e1 triste de ser ver. Em vez de um debate pol\u00edtico polido, h\u00e1 a preocupa\u00e7\u00e3o de difamar e atacar a honra de outros deixando a democracia cada vez mais vazia e prejudicada.<\/p>\n<div id=\"attachment_171917\" style=\"width: 690px\" class=\"wp-caption aligncenter\"><img loading=\"lazy\" decoding=\"async\" aria-describedby=\"caption-attachment-171917\" class=\"wp-image-171917\" src=\"https:\/\/diarioregionaldigital.com.br\/wp-content\/uploads\/2020\/10\/fotoa-12-e1603860377172.jpg\" alt=\"\" width=\"680\" height=\"475\" srcset=\"https:\/\/diarioregionaldigital.com.br\/wp-content\/uploads\/2020\/10\/fotoa-12-e1603860377172.jpg 766w, https:\/\/diarioregionaldigital.com.br\/wp-content\/uploads\/2020\/10\/fotoa-12-e1603860377172-300x210.jpg 300w, https:\/\/diarioregionaldigital.com.br\/wp-content\/uploads\/2020\/10\/fotoa-12-e1603860377172-360x251.jpg 360w, https:\/\/diarioregionaldigital.com.br\/wp-content\/uploads\/2020\/10\/fotoa-12-e1603860377172-100x70.jpg 100w\" sizes=\"auto, (max-width: 680px) 100vw, 680px\" \/><p id=\"caption-attachment-171917\" class=\"wp-caption-text\">A bonita e elegante Edna Eberle festejou seu anivers\u00e1rio com o marido Marcelo Santos e os filhos Thiago e Marcelo<\/p><\/div>\n<div id=\"attachment_171918\" style=\"width: 690px\" class=\"wp-caption aligncenter\"><img loading=\"lazy\" decoding=\"async\" aria-describedby=\"caption-attachment-171918\" class=\"wp-image-171918\" src=\"https:\/\/diarioregionaldigital.com.br\/wp-content\/uploads\/2020\/10\/fotoaa-6-e1603860708532.jpeg\" alt=\"\" width=\"680\" height=\"495\" srcset=\"https:\/\/diarioregionaldigital.com.br\/wp-content\/uploads\/2020\/10\/fotoaa-6-e1603860708532.jpeg 1264w, https:\/\/diarioregionaldigital.com.br\/wp-content\/uploads\/2020\/10\/fotoaa-6-e1603860708532-300x219.jpeg 300w, https:\/\/diarioregionaldigital.com.br\/wp-content\/uploads\/2020\/10\/fotoaa-6-e1603860708532-1024x746.jpeg 1024w, https:\/\/diarioregionaldigital.com.br\/wp-content\/uploads\/2020\/10\/fotoaa-6-e1603860708532-768x560.jpeg 768w, https:\/\/diarioregionaldigital.com.br\/wp-content\/uploads\/2020\/10\/fotoaa-6-e1603860708532-360x262.jpeg 360w\" sizes=\"auto, (max-width: 680px) 100vw, 680px\" \/><p id=\"caption-attachment-171918\" class=\"wp-caption-text\">No m\u00eas da crian\u00e7a o carinho de Rose Oliveira com a estrelinha Manu Salazar<\/p><\/div>\n<div id=\"attachment_171919\" style=\"width: 690px\" class=\"wp-caption aligncenter\"><img loading=\"lazy\" decoding=\"async\" aria-describedby=\"caption-attachment-171919\" class=\"wp-image-171919\" src=\"https:\/\/diarioregionaldigital.com.br\/wp-content\/uploads\/2020\/10\/fotob-16-e1603860736893.jpg\" alt=\"\" width=\"680\" height=\"520\" srcset=\"https:\/\/diarioregionaldigital.com.br\/wp-content\/uploads\/2020\/10\/fotob-16-e1603860736893.jpg 534w, https:\/\/diarioregionaldigital.com.br\/wp-content\/uploads\/2020\/10\/fotob-16-e1603860736893-300x229.jpg 300w, https:\/\/diarioregionaldigital.com.br\/wp-content\/uploads\/2020\/10\/fotob-16-e1603860736893-360x275.jpg 360w\" sizes=\"auto, (max-width: 680px) 100vw, 680px\" \/><p id=\"caption-attachment-171919\" class=\"wp-caption-text\">Fazendo um brinde a esta coluna o banc\u00e1rio (Bradesco) bonit\u00e3o Italo Freg\u00falia comemorando v\u00e1rias premia\u00e7\u00f5es em 2020<\/p><\/div>\n<div id=\"attachment_171920\" style=\"width: 690px\" class=\"wp-caption aligncenter\"><img loading=\"lazy\" decoding=\"async\" aria-describedby=\"caption-attachment-171920\" class=\"wp-image-171920\" src=\"https:\/\/diarioregionaldigital.com.br\/wp-content\/uploads\/2020\/10\/fotoc-17-e1603860766742.jpg\" alt=\"\" width=\"680\" height=\"531\" srcset=\"https:\/\/diarioregionaldigital.com.br\/wp-content\/uploads\/2020\/10\/fotoc-17-e1603860766742.jpg 926w, https:\/\/diarioregionaldigital.com.br\/wp-content\/uploads\/2020\/10\/fotoc-17-e1603860766742-300x234.jpg 300w, https:\/\/diarioregionaldigital.com.br\/wp-content\/uploads\/2020\/10\/fotoc-17-e1603860766742-768x600.jpg 768w, https:\/\/diarioregionaldigital.com.br\/wp-content\/uploads\/2020\/10\/fotoc-17-e1603860766742-360x281.jpg 360w\" sizes=\"auto, (max-width: 680px) 100vw, 680px\" \/><p id=\"caption-attachment-171920\" class=\"wp-caption-text\">Damon Otaciano nos preparativos para fazer sucesso nos concursos de Mr. e pelas passarelas da vida<\/p><\/div>\n<div id=\"attachment_171921\" style=\"width: 690px\" class=\"wp-caption aligncenter\"><img loading=\"lazy\" decoding=\"async\" aria-describedby=\"caption-attachment-171921\" class=\"wp-image-171921\" src=\"https:\/\/diarioregionaldigital.com.br\/wp-content\/uploads\/2020\/10\/fotod-12-e1603860931821.jpg\" alt=\"\" width=\"680\" height=\"506\" srcset=\"https:\/\/diarioregionaldigital.com.br\/wp-content\/uploads\/2020\/10\/fotod-12-e1603860931821.jpg 655w, https:\/\/diarioregionaldigital.com.br\/wp-content\/uploads\/2020\/10\/fotod-12-e1603860931821-300x223.jpg 300w, https:\/\/diarioregionaldigital.com.br\/wp-content\/uploads\/2020\/10\/fotod-12-e1603860931821-360x268.jpg 360w\" sizes=\"auto, (max-width: 680px) 100vw, 680px\" \/><p id=\"caption-attachment-171921\" class=\"wp-caption-text\">Linda fam\u00edlia musical com: Gustavo Jr., Valqu\u00edria Barros Almeida, Gustavo Costa e Isadora Almeida<\/p><\/div>\n<div id=\"attachment_171922\" style=\"width: 690px\" class=\"wp-caption aligncenter\"><img loading=\"lazy\" decoding=\"async\" aria-describedby=\"caption-attachment-171922\" class=\"wp-image-171922\" src=\"https:\/\/diarioregionaldigital.com.br\/wp-content\/uploads\/2020\/10\/fotoe-13-e1603860958251.jpg\" alt=\"\" width=\"680\" height=\"476\" srcset=\"https:\/\/diarioregionaldigital.com.br\/wp-content\/uploads\/2020\/10\/fotoe-13-e1603860958251.jpg 936w, https:\/\/diarioregionaldigital.com.br\/wp-content\/uploads\/2020\/10\/fotoe-13-e1603860958251-300x210.jpg 300w, https:\/\/diarioregionaldigital.com.br\/wp-content\/uploads\/2020\/10\/fotoe-13-e1603860958251-768x537.jpg 768w, https:\/\/diarioregionaldigital.com.br\/wp-content\/uploads\/2020\/10\/fotoe-13-e1603860958251-360x252.jpg 360w, https:\/\/diarioregionaldigital.com.br\/wp-content\/uploads\/2020\/10\/fotoe-13-e1603860958251-100x70.jpg 100w\" sizes=\"auto, (max-width: 680px) 100vw, 680px\" \/><p id=\"caption-attachment-171922\" class=\"wp-caption-text\">No Gula-Gula no Rio de Janeiro, as elegantes M\u00e1rcia Baptista Oliveira e M\u00e1rcia Marques<\/p><\/div>\n<div id=\"attachment_171923\" style=\"width: 690px\" class=\"wp-caption aligncenter\"><img loading=\"lazy\" decoding=\"async\" aria-describedby=\"caption-attachment-171923\" class=\"wp-image-171923\" src=\"https:\/\/diarioregionaldigital.com.br\/wp-content\/uploads\/2020\/10\/fotof-10-e1603860985907.jpg\" alt=\"\" width=\"680\" height=\"509\" srcset=\"https:\/\/diarioregionaldigital.com.br\/wp-content\/uploads\/2020\/10\/fotof-10-e1603860985907.jpg 688w, https:\/\/diarioregionaldigital.com.br\/wp-content\/uploads\/2020\/10\/fotof-10-e1603860985907-300x225.jpg 300w, https:\/\/diarioregionaldigital.com.br\/wp-content\/uploads\/2020\/10\/fotof-10-e1603860985907-360x269.jpg 360w\" sizes=\"auto, (max-width: 680px) 100vw, 680px\" \/><p id=\"caption-attachment-171923\" class=\"wp-caption-text\">Fazendo o estilo \u201cO amor \u00e9 lindo\u201d, o casal Nath\u00e1lia Botezine Quatorze Voltas e Guilherme Quatorze Voltas<\/p><\/div>\n<div id=\"attachment_171924\" style=\"width: 690px\" class=\"wp-caption aligncenter\"><img loading=\"lazy\" decoding=\"async\" aria-describedby=\"caption-attachment-171924\" class=\"wp-image-171924\" src=\"https:\/\/diarioregionaldigital.com.br\/wp-content\/uploads\/2020\/10\/fotog-16-e1603861012534.jpg\" alt=\"\" width=\"680\" height=\"488\" srcset=\"https:\/\/diarioregionaldigital.com.br\/wp-content\/uploads\/2020\/10\/fotog-16-e1603861012534.jpg 1264w, https:\/\/diarioregionaldigital.com.br\/wp-content\/uploads\/2020\/10\/fotog-16-e1603861012534-300x216.jpg 300w, https:\/\/diarioregionaldigital.com.br\/wp-content\/uploads\/2020\/10\/fotog-16-e1603861012534-1024x736.jpg 1024w, https:\/\/diarioregionaldigital.com.br\/wp-content\/uploads\/2020\/10\/fotog-16-e1603861012534-768x552.jpg 768w, https:\/\/diarioregionaldigital.com.br\/wp-content\/uploads\/2020\/10\/fotog-16-e1603861012534-360x259.jpg 360w\" sizes=\"auto, (max-width: 680px) 100vw, 680px\" \/><p id=\"caption-attachment-171924\" class=\"wp-caption-text\">Visitando esta coluna social \u00c2ngela Lopes os lindos filhos Guilherme e Nath\u00e1lia Lopes<\/p><\/div>\n<div id=\"attachment_171925\" style=\"width: 690px\" class=\"wp-caption aligncenter\"><img loading=\"lazy\" decoding=\"async\" aria-describedby=\"caption-attachment-171925\" class=\"wp-image-171925\" src=\"https:\/\/diarioregionaldigital.com.br\/wp-content\/uploads\/2020\/10\/fotoh-14-e1603861050834.jpg\" alt=\"\" width=\"680\" height=\"429\" srcset=\"https:\/\/diarioregionaldigital.com.br\/wp-content\/uploads\/2020\/10\/fotoh-14-e1603861050834.jpg 1827w, https:\/\/diarioregionaldigital.com.br\/wp-content\/uploads\/2020\/10\/fotoh-14-e1603861050834-300x189.jpg 300w, https:\/\/diarioregionaldigital.com.br\/wp-content\/uploads\/2020\/10\/fotoh-14-e1603861050834-1024x646.jpg 1024w, https:\/\/diarioregionaldigital.com.br\/wp-content\/uploads\/2020\/10\/fotoh-14-e1603861050834-768x484.jpg 768w, https:\/\/diarioregionaldigital.com.br\/wp-content\/uploads\/2020\/10\/fotoh-14-e1603861050834-1536x969.jpg 1536w, https:\/\/diarioregionaldigital.com.br\/wp-content\/uploads\/2020\/10\/fotoh-14-e1603861050834-360x227.jpg 360w, https:\/\/diarioregionaldigital.com.br\/wp-content\/uploads\/2020\/10\/fotoh-14-e1603861050834-490x310.jpg 490w\" sizes=\"auto, (max-width: 680px) 100vw, 680px\" \/><p id=\"caption-attachment-171925\" class=\"wp-caption-text\">Antes da pandemia em tarde de churrasco: Gustavo Almeida, Sabrina Nascimento e Alessandra Al\u00ea<\/p><\/div>\n<div id=\"attachment_171926\" style=\"width: 690px\" class=\"wp-caption aligncenter\"><img loading=\"lazy\" decoding=\"async\" aria-describedby=\"caption-attachment-171926\" class=\"wp-image-171926\" src=\"https:\/\/diarioregionaldigital.com.br\/wp-content\/uploads\/2020\/10\/fotoi-10-e1603861083851.jpg\" alt=\"\" width=\"680\" height=\"455\" srcset=\"https:\/\/diarioregionaldigital.com.br\/wp-content\/uploads\/2020\/10\/fotoi-10-e1603861083851.jpg 1075w, https:\/\/diarioregionaldigital.com.br\/wp-content\/uploads\/2020\/10\/fotoi-10-e1603861083851-300x201.jpg 300w, https:\/\/diarioregionaldigital.com.br\/wp-content\/uploads\/2020\/10\/fotoi-10-e1603861083851-1024x686.jpg 1024w, https:\/\/diarioregionaldigital.com.br\/wp-content\/uploads\/2020\/10\/fotoi-10-e1603861083851-768x514.jpg 768w, https:\/\/diarioregionaldigital.com.br\/wp-content\/uploads\/2020\/10\/fotoi-10-e1603861083851-360x241.jpg 360w\" sizes=\"auto, (max-width: 680px) 100vw, 680px\" \/><p id=\"caption-attachment-171926\" class=\"wp-caption-text\">Na noite do Queens Bar, Wagner Vaccari, Pablo Ribeiro, Dad\u00e1 Rocha e Rosenberg Frizeiro<\/p><\/div>\n<p style=\"text-align: center;\"><strong>FOTOSS\u00cdNTESE<\/strong><\/p>\n<p>Dignos de aplausos, o Grupo Giramundo completa 50 anos. De Minas Gerais para o mundo \u00e9 a arte ra\u00edz que desperta sorrisos, encanta gera\u00e7\u00f5es de 8 a 80 anos.<\/p>\n<p>Para os jovens de Juiz de Fora o projeto Guerreiro Mirim 2020, est\u00e1 selecionado 50 mo\u00e7as e rapazes entre 07 e 17 anos para cursos saud\u00e1veis.<\/p>\n<p>Ouvi no elevador: \u201cO que foi dito b\u00eabado foi pensando s\u00f3brio\u201d.<\/p>\n<p>Causou impacto no YouTube, a live do grupo Caravana de Hist\u00f3rias com o bel\u00edssimo tema \u201cEntre hist\u00f3rias e can\u00e7\u00f5es de meninos e meninas, elefantes e estrelas\u201d.<\/p>\n<p>Com seu talento arrebatador, o humorista de Guarani (MG), Gustavo Mendes foi escalado para ser protagonista do filme \u201cVitrine Humana\u201d do escritor Silvio Cerceau.<\/p>\n<p>Bonita e de bem com a vida, Laura Messias F\u00ednamore presidente da \u201cA\u00e7\u00e3o Social Lucy Messias\u201d, coordenou com sucesso a campanha do Dia das Crian\u00e7as em prol da Aban.<\/p>\n<p>Para a turma do Tik-Tok, o Shopping Jardim Norte avisa que lan\u00e7ou aplicativo de compras on-line.<\/p>\n<p>Dica: Na Taberna Alem\u00e3 \u00e9 servida todos os deliciosos pratos da Festa Alem\u00e3 sob a batuta de Maria Luiza e Geraldo Jos\u00e9 Pinheiro no Bairro Borboleta.<\/p>\n<p>De muitos elogios, o servi\u00e7o prestado pelo Laborat\u00f3rio Lemos. Ponto para L\u00facio e An\u00edbal Lemos.<\/p>\n<p>Conclus\u00e3o: Quando voc\u00ea aceita o fim de um ciclo, o universo entende que voc\u00ea est\u00e1 pronto para recome\u00e7ar. Bom dia.<\/p>\n<p><img loading=\"lazy\" decoding=\"async\" class=\"aligncenter size-full wp-image-171937\" src=\"https:\/\/diarioregionaldigital.com.br\/wp-content\/uploads\/2020\/10\/anucios56-1-scaled.jpg\" alt=\"\" width=\"2560\" height=\"994\" srcset=\"https:\/\/diarioregionaldigital.com.br\/wp-content\/uploads\/2020\/10\/anucios56-1-scaled.jpg 2560w, https:\/\/diarioregionaldigital.com.br\/wp-content\/uploads\/2020\/10\/anucios56-1-300x116.jpg 300w, https:\/\/diarioregionaldigital.com.br\/wp-content\/uploads\/2020\/10\/anucios56-1-1024x398.jpg 1024w, https:\/\/diarioregionaldigital.com.br\/wp-content\/uploads\/2020\/10\/anucios56-1-768x298.jpg 768w, https:\/\/diarioregionaldigital.com.br\/wp-content\/uploads\/2020\/10\/anucios56-1-1536x596.jpg 1536w, https:\/\/diarioregionaldigital.com.br\/wp-content\/uploads\/2020\/10\/anucios56-1-2048x795.jpg 2048w, https:\/\/diarioregionaldigital.com.br\/wp-content\/uploads\/2020\/10\/anucios56-1-360x140.jpg 360w\" sizes=\"auto, (max-width: 2560px) 100vw, 2560px\" \/><\/p>\n","protected":false},"excerpt":{"rendered":"<p>Not\u00edcia Boa Com seu alt\u00edssimo astral, o presidente do Petr\u00f3polis Convention &amp; Visitors Bureau, Samir El Ghaoui \u00e9 quem vai coordenar o Petr\u00f3polis Gourmet, que come\u00e7a dia 30 com 28 restaurantes participantes e servi\u00e7o delivery. O tema deste ano ser\u00e1 \u201cA magia do fogo: segredos e sabores que as chamas podem revelar\u201d. Museus Atualmente morando [&hellip;]<\/p>\n","protected":false},"author":96,"featured_media":171917,"comment_status":"closed","ping_status":"closed","sticky":false,"template":"","format":"standard","meta":{"footnotes":""},"categories":[264],"tags":[],"class_list":["post-171936","post","type-post","status-publish","format-standard","has-post-thumbnail","hentry","category-eduardo-gomes"],"_links":{"self":[{"href":"https:\/\/diarioregionaldigital.com.br\/index.php?rest_route=\/wp\/v2\/posts\/171936","targetHints":{"allow":["GET"]}}],"collection":[{"href":"https:\/\/diarioregionaldigital.com.br\/index.php?rest_route=\/wp\/v2\/posts"}],"about":[{"href":"https:\/\/diarioregionaldigital.com.br\/index.php?rest_route=\/wp\/v2\/types\/post"}],"author":[{"embeddable":true,"href":"https:\/\/diarioregionaldigital.com.br\/index.php?rest_route=\/wp\/v2\/users\/96"}],"replies":[{"embeddable":true,"href":"https:\/\/diarioregionaldigital.com.br\/index.php?rest_route=%2Fwp%2Fv2%2Fcomments&post=171936"}],"version-history":[{"count":0,"href":"https:\/\/diarioregionaldigital.com.br\/index.php?rest_route=\/wp\/v2\/posts\/171936\/revisions"}],"wp:featuredmedia":[{"embeddable":true,"href":"https:\/\/diarioregionaldigital.com.br\/index.php?rest_route=\/wp\/v2\/media\/171917"}],"wp:attachment":[{"href":"https:\/\/diarioregionaldigital.com.br\/index.php?rest_route=%2Fwp%2Fv2%2Fmedia&parent=171936"}],"wp:term":[{"taxonomy":"category","embeddable":true,"href":"https:\/\/diarioregionaldigital.com.br\/index.php?rest_route=%2Fwp%2Fv2%2Fcategories&post=171936"},{"taxonomy":"post_tag","embeddable":true,"href":"https:\/\/diarioregionaldigital.com.br\/index.php?rest_route=%2Fwp%2Fv2%2Ftags&post=171936"}],"curies":[{"name":"wp","href":"https:\/\/api.w.org\/{rel}","templated":true}]}}