{"id":171927,"date":"2020-10-27T20:30:28","date_gmt":"2020-10-27T23:30:28","guid":{"rendered":"https:\/\/diarioregionaldigital.com.br\/?p=171927"},"modified":"2020-10-27T20:30:28","modified_gmt":"2020-10-27T23:30:28","slug":"covid-19-brasil-tem-1579-mil-mortes-e-543-milhoes-de-casos","status":"publish","type":"post","link":"https:\/\/diarioregionaldigital.com.br\/?p=171927","title":{"rendered":"Covid-19: Brasil tem 157,9 mil mortes e 5,43 milh\u00f5es de casos"},"content":{"rendered":"<p>O n\u00famero de mortes em decorr\u00eancia da pandemia do novo coronav\u00edrus chegou a . Entre\u00a0ontem\u00a0e\u00a0hoje, as secretarias de sa\u00fade notificaram 549 \u00f3bitos causados\u00a0pela doen\u00e7a.\u00a0Ontem, o sistema de dados sobre a pandemia marcava 157.397 \u00f3bitos gerados pela doen\u00e7a. Ainda h\u00e1 2.379 falecimentos em investiga\u00e7\u00e3o.<img decoding=\"async\" src=\"https:\/\/agenciabrasil.ebc.com.br\/ebc.png?id=1391690&amp;o=node\" \/><img decoding=\"async\" src=\"https:\/\/agenciabrasil.ebc.com.br\/ebc.gif?id=1391690&amp;o=node\" \/><\/p>\n<p>O n\u00famero de casos de pessoas infectadas com o novo coronav\u00edrus desde o in\u00edcio da pandemia chegou a 5.439.641. Nas \u00faltimas 24 horas, foram registrados 29.787 novos casos.\u00a0Ontem, o total estava em 5.409.854.<\/p>\n<p>Os dados est\u00e3o na atualiza\u00e7\u00e3o di\u00e1ria do Minist\u00e9rio da Sa\u00fade, divulgada na noite desta\u00a0ter\u00e7a-feira (27). O balan\u00e7o \u00e9 feito a partir de registros reunidos pelas secretarias estaduais de sa\u00fade e enviados \u00e0 pasta para consolida\u00e7\u00e3o.<\/p>\n<p>Ainda h\u00e1 377.649 casos em acompanhamento. De acordo com o Minist\u00e9rio da Sa\u00fade, outras 4.904.046 pessoas j\u00e1 se recuperaram da doen\u00e7a.<\/p>\n<p>Os casos e mortes s\u00e3o menores nos domingos e segundas-feiras em fun\u00e7\u00e3o da limita\u00e7\u00e3o de sistematiza\u00e7\u00e3o dos dados e alimenta\u00e7\u00e3o do painel do minist\u00e9rio\u00a0pelas secretarias estaduais aos fins de semana. J\u00e1 \u00e0s\u00a0ter\u00e7as-feiras os n\u00fameros di\u00e1rios tendem a subir pelo ac\u00famulo de casos do fim de semana reportado neste dia.<\/p>\n<h2>Covid-19 nos estados<\/h2>\n<p>Os estados com mais mortes s\u00e3o S\u00e3o Paulo (38.885), Rio\u00a0de Janeiro\u00a0(20.292), Cear\u00e1 (9.305), Minas Gerais (8.789) e Pernambuco (8.5575). As Unidades da Federa\u00e7\u00e3o com menos casos s\u00e3o Acre (690), Roraima (691), Amap\u00e1 (743), Tocantins (1.089) e Rond\u00f4nia (1.448).<\/p>\n<p><strong>Fonte:\u00a0<\/strong>Ag\u00eancia Brasil<\/p>\n","protected":false},"excerpt":{"rendered":"<p>O n\u00famero de mortes em decorr\u00eancia da pandemia do novo coronav\u00edrus chegou a . Entre\u00a0ontem\u00a0e\u00a0hoje, as secretarias de sa\u00fade notificaram 549 \u00f3bitos causados\u00a0pela doen\u00e7a.\u00a0Ontem, o sistema de dados sobre a pandemia marcava 157.397 \u00f3bitos gerados pela doen\u00e7a. Ainda h\u00e1 2.379 falecimentos em investiga\u00e7\u00e3o. O n\u00famero de casos de pessoas infectadas com o novo coronav\u00edrus desde [&hellip;]<\/p>\n","protected":false},"author":96,"featured_media":171928,"comment_status":"closed","ping_status":"closed","sticky":false,"template":"","format":"standard","meta":{"footnotes":""},"categories":[302,436,262,439],"tags":[],"class_list":["post-171927","post","type-post","status-publish","format-standard","has-post-thumbnail","hentry","category-brasil-mundo","category-destaque-da-semana","category-noticias","category-ultima-hora"],"_links":{"self":[{"href":"https:\/\/diarioregionaldigital.com.br\/index.php?rest_route=\/wp\/v2\/posts\/171927","targetHints":{"allow":["GET"]}}],"collection":[{"href":"https:\/\/diarioregionaldigital.com.br\/index.php?rest_route=\/wp\/v2\/posts"}],"about":[{"href":"https:\/\/diarioregionaldigital.com.br\/index.php?rest_route=\/wp\/v2\/types\/post"}],"author":[{"embeddable":true,"href":"https:\/\/diarioregionaldigital.com.br\/index.php?rest_route=\/wp\/v2\/users\/96"}],"replies":[{"embeddable":true,"href":"https:\/\/diarioregionaldigital.com.br\/index.php?rest_route=%2Fwp%2Fv2%2Fcomments&post=171927"}],"version-history":[{"count":0,"href":"https:\/\/diarioregionaldigital.com.br\/index.php?rest_route=\/wp\/v2\/posts\/171927\/revisions"}],"wp:featuredmedia":[{"embeddable":true,"href":"https:\/\/diarioregionaldigital.com.br\/index.php?rest_route=\/wp\/v2\/media\/171928"}],"wp:attachment":[{"href":"https:\/\/diarioregionaldigital.com.br\/index.php?rest_route=%2Fwp%2Fv2%2Fmedia&parent=171927"}],"wp:term":[{"taxonomy":"category","embeddable":true,"href":"https:\/\/diarioregionaldigital.com.br\/index.php?rest_route=%2Fwp%2Fv2%2Fcategories&post=171927"},{"taxonomy":"post_tag","embeddable":true,"href":"https:\/\/diarioregionaldigital.com.br\/index.php?rest_route=%2Fwp%2Fv2%2Ftags&post=171927"}],"curies":[{"name":"wp","href":"https:\/\/api.w.org\/{rel}","templated":true}]}}