{"id":171911,"date":"2020-10-27T18:38:41","date_gmt":"2020-10-27T21:38:41","guid":{"rendered":"https:\/\/diarioregionaldigital.com.br\/?p=171911"},"modified":"2020-10-27T18:38:41","modified_gmt":"2020-10-27T21:38:41","slug":"covid-19-municipio-se-aproxima-da-marca-de-7-mil-casos-confirmados","status":"publish","type":"post","link":"https:\/\/diarioregionaldigital.com.br\/?p=171911","title":{"rendered":"Covid-19: Munic\u00edpio se aproxima da marca de 7 mil casos confirmados"},"content":{"rendered":"<p><span style=\"font-weight: 400;\">O novo boletim epidemiol\u00f3gico divulgado nesta ter\u00e7a-feira (27) pela Secretaria de Sa\u00fade (SS) da Prefeitura de Juiz de Fora (PJF), aponta que o munic\u00edpio registrou nas \u00faltimas 24h, mais 44 novos casos de Coronav\u00edrus, totalizando 6.988 pessoas infectadas.\u00a0<\/span><\/p>\n<p><span style=\"font-weight: 400;\">Segundo o levantamento, houve aumento de\u00a0 mais uma morte, contabilizando 257 \u00f3bitos. A v\u00edtima era uma mulher de 32 anos, que morreu na segunda-feira (26). Ela era portadora de Diabetes Mellitus (DM), Hipertens\u00e3o Arterial Sist\u00eamica (HAS) e obesidade. Al\u00e9m disso, 25.158 pacientes s\u00e3o suspeitos de terem a doen\u00e7a.\u00a0<\/span><\/p>\n<p><span style=\"font-weight: 400;\">Conforme o Departamento de Vigil\u00e2ncia Epidemiol\u00f3gica e Ambiental (Dvea), dentre os casos confirmados, 3.700 s\u00e3o mulheres e 3.288 homens.<\/span><\/p>\n<p><b>N\u00fameros de casos<\/b><\/p>\n<p><span style=\"font-weight: 400;\">&#8211; At\u00e9 um ano: 22 (0,31%)<\/span><\/p>\n<p><span style=\"font-weight: 400;\">&#8211; Um a nove anos: 120 (1,71%)<\/span><\/p>\n<p><span style=\"font-weight: 400;\">&#8211; Dez a 19: 188 (2,69%)<\/span><\/p>\n<p><span style=\"font-weight: 400;\">&#8211; 20 a 29: 1.186 (16,97%)<\/span><\/p>\n<p><span style=\"font-weight: 400;\">&#8211; 30 a 39: 1.701 (24,34%)<\/span><\/p>\n<p><span style=\"font-weight: 400;\">&#8211; 40 a 49: 1.304 (18,66%)<\/span><\/p>\n<p><span style=\"font-weight: 400;\">&#8211; 50 a 59: 1.116 (15,97%)<\/span><\/p>\n<p><span style=\"font-weight: 400;\">&#8211; 60 ou mais: 1.351 (19,33%)<\/span><\/p>\n<p><b>Leitos\u00a0<\/b><\/p>\n<p><span style=\"font-weight: 400;\">Segundo informa\u00e7\u00f5es da PJF, os leitos de enfermaria est\u00e3o com 60,07% de ocupa\u00e7\u00e3o. J\u00e1 os os leitos de UTI e SUS, est\u00e3o com taxa de 72,08% e 75,76% respectivamente.<\/span><\/p>\n<p><b>Ranking de bairros com maior n\u00famero de casos<\/b><\/p>\n<p><span style=\"font-weight: 400;\">De acordo com o Departamento de Vigil\u00e2ncia Epidemiol\u00f3gica e Ambiental (Dvea), da SS, mais quatro bairros entraram para a lista dos locais com maiores registros da doen\u00e7a: F\u00e1brica (39), Aeroporto (37), Morro da Gl\u00f3ria (36) e Centen\u00e1rio (35).\u00a0<\/span><\/p>\n<p><span style=\"font-weight: 400;\">At\u00e9 o momento, o Dvea registrou 464 casos no Centro, 307 no S\u00e3o Mateus; 207 no S\u00e3o Pedro; 190 no Benfica; 131 no Altos Passos; 129 no Progresso; 127 no Nova Era; 124 no Santa Luzia; 122 no Santa Helena; 117 no Cascatinha; 114 no Bom Pastor; 107 no Bandeirantes; 88 no Paineiras e Teixeiras; 87 no Santa Terezinha; 86 no Linhares; 85 no Bairu; 83 no Monte Castelo; 81 no Grama; 80 no Granbery; 79 no Nossa Senhora de Lourdes; 77 em Santa Cruz; 75 no Graja\u00fa; 73 no Ipiranga; 71 no Santo Ant\u00f4nio; 69 no Nossa Senhora Aparecida; 68 no Barbosa Lage; 63 no Jardim Gl\u00f3ria; 62 no Manoel Hon\u00f3rio; 61 no Eldorado e Borboleta; 60 no Milho Branco; 58 no Dom Bosco; 57 no Vila Ideal; 56 no Estrela Sul; 55 no Francisco Bernardino; 54 no Democrata; J\u00f3quei Clube e S\u00e3o Judas Tadeu; 53 no Industrial; 49 no Marumbi e Retiro; 47 no Jardim Natal e Nossa Senhora das Gra\u00e7as; 46 no Bonfim; 45 no Santa Efig\u00eania; 43 no S\u00e3o Bernardo; 41 no Santa Rita; Nova Benfica e Serra D\u2019\u00c1gua; 39 no Po\u00e7o Rico e Costa Carvalho; 38 no Cidade do Sol e Santos Dumont.<\/span><\/p>\n<p><b>Casos recuperados<\/b><\/p>\n<p><span style=\"font-weight: 400;\">Segundo dados da PJF, at\u00e9 esta ter\u00e7a-feira, 6.478 pacientes est\u00e3o recuperados da doen\u00e7a, representando 92,7% dos casos confirmados.<\/span><\/p>\n<p><b>Isolamento social<\/b><\/p>\n<p><span style=\"font-weight: 400;\">Conforme os dados divulgados pela Prefeitura, o munic\u00edpio apresenta taxa de isolamento social em 50,7%, cuja m\u00e9dia \u00e9 dos \u00faltimos sete dias. O valor continua superior \u00e0 taxa registrada em Minas Gerais, que \u00e9 de 49,5%.<\/span><\/p>\n","protected":false},"excerpt":{"rendered":"<p>O novo boletim epidemiol\u00f3gico divulgado nesta ter\u00e7a-feira (27) pela Secretaria de Sa\u00fade (SS) da Prefeitura de Juiz de Fora (PJF), aponta que o munic\u00edpio registrou nas \u00faltimas 24h, mais 44 novos casos de Coronav\u00edrus, totalizando 6.988 pessoas infectadas.\u00a0 Segundo o levantamento, houve aumento de\u00a0 mais uma morte, contabilizando 257 \u00f3bitos. A v\u00edtima era uma mulher [&hellip;]<\/p>\n","protected":false},"author":96,"featured_media":171912,"comment_status":"closed","ping_status":"closed","sticky":false,"template":"","format":"standard","meta":{"footnotes":""},"categories":[253,436,440,439],"tags":[],"class_list":["post-171911","post","type-post","status-publish","format-standard","has-post-thumbnail","hentry","category-cidade","category-destaque-da-semana","category-destaques-do-dia","category-ultima-hora"],"_links":{"self":[{"href":"https:\/\/diarioregionaldigital.com.br\/index.php?rest_route=\/wp\/v2\/posts\/171911","targetHints":{"allow":["GET"]}}],"collection":[{"href":"https:\/\/diarioregionaldigital.com.br\/index.php?rest_route=\/wp\/v2\/posts"}],"about":[{"href":"https:\/\/diarioregionaldigital.com.br\/index.php?rest_route=\/wp\/v2\/types\/post"}],"author":[{"embeddable":true,"href":"https:\/\/diarioregionaldigital.com.br\/index.php?rest_route=\/wp\/v2\/users\/96"}],"replies":[{"embeddable":true,"href":"https:\/\/diarioregionaldigital.com.br\/index.php?rest_route=%2Fwp%2Fv2%2Fcomments&post=171911"}],"version-history":[{"count":0,"href":"https:\/\/diarioregionaldigital.com.br\/index.php?rest_route=\/wp\/v2\/posts\/171911\/revisions"}],"wp:featuredmedia":[{"embeddable":true,"href":"https:\/\/diarioregionaldigital.com.br\/index.php?rest_route=\/wp\/v2\/media\/171912"}],"wp:attachment":[{"href":"https:\/\/diarioregionaldigital.com.br\/index.php?rest_route=%2Fwp%2Fv2%2Fmedia&parent=171911"}],"wp:term":[{"taxonomy":"category","embeddable":true,"href":"https:\/\/diarioregionaldigital.com.br\/index.php?rest_route=%2Fwp%2Fv2%2Fcategories&post=171911"},{"taxonomy":"post_tag","embeddable":true,"href":"https:\/\/diarioregionaldigital.com.br\/index.php?rest_route=%2Fwp%2Fv2%2Ftags&post=171911"}],"curies":[{"name":"wp","href":"https:\/\/api.w.org\/{rel}","templated":true}]}}