{"id":171907,"date":"2020-10-27T18:03:00","date_gmt":"2020-10-27T21:03:00","guid":{"rendered":"https:\/\/diarioregionaldigital.com.br\/?p=171907"},"modified":"2020-10-27T18:03:00","modified_gmt":"2020-10-27T21:03:00","slug":"nova-juiza-da-suprema-corte-dos-eua-tera-batismo-de-fogo-em-estreia","status":"publish","type":"post","link":"https:\/\/diarioregionaldigital.com.br\/?p=171907","title":{"rendered":"Nova ju\u00edza da Suprema Corte dos EUA ter\u00e1 batismo de fogo em estreia"},"content":{"rendered":"<p>Rec\u00e9m-aprovada para a Suprema Corte dos Estados Unidos, a ju\u00edza conservadora Amy Coney Barrett enfrenta uma avalanche de casos politicamente delicados em seus primeiros dias no cargo, j\u00e1 que o tribunal analisar\u00e1 disputas eleitorais e se prepara para ouvir uma contesta\u00e7\u00e3o da lei de sa\u00fade Obamacare.<img decoding=\"async\" src=\"https:\/\/agenciabrasil.ebc.com.br\/ebc.png?id=1391600&amp;o=node\" \/><img decoding=\"async\" src=\"https:\/\/agenciabrasil.ebc.com.br\/ebc.gif?id=1391600&amp;o=node\" \/><\/p>\n<p>Na segunda-feira (26), o Senado sob controle republicano efetivou a confirma\u00e7\u00e3o, ignorando as obje\u00e7\u00f5es dos democratas a uma indica\u00e7\u00e3o t\u00e3o pr\u00f3xima da elei\u00e7\u00e3o presidencial de 3 de novembro. O presidente Donald Trump, que indicou Barrett, disse acreditar que a corte acabar\u00e1 decidindo o resultado da disputa entre ele e o democrata Joe Biden.<\/p>\n<p>Barrett, de 48 anos, que ser\u00e1 empossada oficialmente pelo juiz-chefe da Suprema Corte, John Roberts, nesta ter\u00e7a-feira (27), se une ao tribunal com duas quest\u00f5es eleitorais dos estados cruciais da Carolina do Norte e da Pensilv\u00e2nia \u00e0 espera de seu parecer.<\/p>\n<p>A expectativa \u00e9 que o tribunal se pronuncie sobre ambas antes do dia da elei\u00e7\u00e3o. Barrett integra a nova maioria conservadora de 6 votos a 3 da corte, e nenhum juiz da entidade havia sido confirmado t\u00e3o perto de uma elei\u00e7\u00e3o presidencial.<\/p>\n<p>Exatamente uma semana ap\u00f3s a elei\u00e7\u00e3o, a Suprema Corte julga um caso no qual republicanos, incluindo Trump, pedem que o tribunal anule a Lei de Cuidados Acess\u00edveis de 2010, conhecida como Obamacare.<\/p>\n<p>Em uma cerim\u00f4nia realizada na Casa Branca na segunda-feira (26), Barrett prometeu independ\u00eancia da pol\u00edtica.<\/p>\n<p>&#8220;Esta separa\u00e7\u00e3o da fun\u00e7\u00e3o de prefer\u00eancias pol\u00edticas \u00e9 o que torna o Judici\u00e1rio distinto&#8221;, disse.<\/p>\n<p><strong>Fonte:\u00a0<\/strong>Ag\u00eancia Brasil<\/p>\n","protected":false},"excerpt":{"rendered":"<p>Rec\u00e9m-aprovada para a Suprema Corte dos Estados Unidos, a ju\u00edza conservadora Amy Coney Barrett enfrenta uma avalanche de casos politicamente delicados em seus primeiros dias no cargo, j\u00e1 que o tribunal analisar\u00e1 disputas eleitorais e se prepara para ouvir uma contesta\u00e7\u00e3o da lei de sa\u00fade Obamacare. Na segunda-feira (26), o Senado sob controle republicano efetivou [&hellip;]<\/p>\n","protected":false},"author":96,"featured_media":171908,"comment_status":"closed","ping_status":"closed","sticky":false,"template":"","format":"standard","meta":{"footnotes":""},"categories":[302,436,439],"tags":[],"class_list":["post-171907","post","type-post","status-publish","format-standard","has-post-thumbnail","hentry","category-brasil-mundo","category-destaque-da-semana","category-ultima-hora"],"_links":{"self":[{"href":"https:\/\/diarioregionaldigital.com.br\/index.php?rest_route=\/wp\/v2\/posts\/171907","targetHints":{"allow":["GET"]}}],"collection":[{"href":"https:\/\/diarioregionaldigital.com.br\/index.php?rest_route=\/wp\/v2\/posts"}],"about":[{"href":"https:\/\/diarioregionaldigital.com.br\/index.php?rest_route=\/wp\/v2\/types\/post"}],"author":[{"embeddable":true,"href":"https:\/\/diarioregionaldigital.com.br\/index.php?rest_route=\/wp\/v2\/users\/96"}],"replies":[{"embeddable":true,"href":"https:\/\/diarioregionaldigital.com.br\/index.php?rest_route=%2Fwp%2Fv2%2Fcomments&post=171907"}],"version-history":[{"count":0,"href":"https:\/\/diarioregionaldigital.com.br\/index.php?rest_route=\/wp\/v2\/posts\/171907\/revisions"}],"wp:featuredmedia":[{"embeddable":true,"href":"https:\/\/diarioregionaldigital.com.br\/index.php?rest_route=\/wp\/v2\/media\/171908"}],"wp:attachment":[{"href":"https:\/\/diarioregionaldigital.com.br\/index.php?rest_route=%2Fwp%2Fv2%2Fmedia&parent=171907"}],"wp:term":[{"taxonomy":"category","embeddable":true,"href":"https:\/\/diarioregionaldigital.com.br\/index.php?rest_route=%2Fwp%2Fv2%2Fcategories&post=171907"},{"taxonomy":"post_tag","embeddable":true,"href":"https:\/\/diarioregionaldigital.com.br\/index.php?rest_route=%2Fwp%2Fv2%2Ftags&post=171907"}],"curies":[{"name":"wp","href":"https:\/\/api.w.org\/{rel}","templated":true}]}}