{"id":171904,"date":"2020-10-27T17:59:48","date_gmt":"2020-10-27T20:59:48","guid":{"rendered":"https:\/\/diarioregionaldigital.com.br\/?p=171904"},"modified":"2020-10-27T17:59:48","modified_gmt":"2020-10-27T20:59:48","slug":"mais-de-16-mil-criancas-ainda-precisam-ser-vacinadas-contra-poliomielite-em-jf","status":"publish","type":"post","link":"https:\/\/diarioregionaldigital.com.br\/?p=171904","title":{"rendered":"Mais de 16 mil crian\u00e7as ainda precisam ser vacinadas contra Poliomielite em JF"},"content":{"rendered":"<div id=\"box_texto_noticia\">A cobertura da campanha de vacina\u00e7\u00e3o contra a poliomielite de 2020 alcan\u00e7ou 31,56%. O percentual est\u00e1 longe do ideal estabelecido pelo governo Federal que \u00e9 de 95% das crian\u00e7as de um a menos de cinco anos de idade. At\u00e9 agora foram aplicadas 7.585 doses em Juiz de Fora. O p\u00fablico alvo \u00e9 de 24.033. A princ\u00edpio, a campanha segue at\u00e9 esta sexta-feira, 30.<\/p>\n<p>A aplica\u00e7\u00e3o est\u00e1 sendo feita nas unidades b\u00e1sicas de Sa\u00fade (UBSs), das 8 horas \u00e0s 10h30 e das 13 horas \u00e0s 16h30; no Posto de Atendimento M\u00e9dico (PAM) Marechal, das 8h \u00e0s 16h30. e no Departamento de Sa\u00fade da Mulher, Crian\u00e7a e Adolescente (DSMCA), que funciona na rua S\u00e3o Sebasti\u00e3o, 772, Centro, das 8h30 \u00e0s 15h30.<\/p><\/div>\n<div><\/div>\n<div><strong>Fonte:\u00a0<\/strong>Assessoria<\/div>\n<p>&nbsp;<\/p>\n<div id=\"box_compartilhar\" align=\"right\"><\/div>\n<div align=\"right\"><\/div>\n","protected":false},"excerpt":{"rendered":"<p>A cobertura da campanha de vacina\u00e7\u00e3o contra a poliomielite de 2020 alcan\u00e7ou 31,56%. O percentual est\u00e1 longe do ideal estabelecido pelo governo Federal que \u00e9 de 95% das crian\u00e7as de um a menos de cinco anos de idade. At\u00e9 agora foram aplicadas 7.585 doses em Juiz de Fora. O p\u00fablico alvo \u00e9 de 24.033. A [&hellip;]<\/p>\n","protected":false},"author":96,"featured_media":171905,"comment_status":"closed","ping_status":"closed","sticky":false,"template":"","format":"standard","meta":{"footnotes":""},"categories":[253,436,439],"tags":[],"class_list":["post-171904","post","type-post","status-publish","format-standard","has-post-thumbnail","hentry","category-cidade","category-destaque-da-semana","category-ultima-hora"],"_links":{"self":[{"href":"https:\/\/diarioregionaldigital.com.br\/index.php?rest_route=\/wp\/v2\/posts\/171904","targetHints":{"allow":["GET"]}}],"collection":[{"href":"https:\/\/diarioregionaldigital.com.br\/index.php?rest_route=\/wp\/v2\/posts"}],"about":[{"href":"https:\/\/diarioregionaldigital.com.br\/index.php?rest_route=\/wp\/v2\/types\/post"}],"author":[{"embeddable":true,"href":"https:\/\/diarioregionaldigital.com.br\/index.php?rest_route=\/wp\/v2\/users\/96"}],"replies":[{"embeddable":true,"href":"https:\/\/diarioregionaldigital.com.br\/index.php?rest_route=%2Fwp%2Fv2%2Fcomments&post=171904"}],"version-history":[{"count":0,"href":"https:\/\/diarioregionaldigital.com.br\/index.php?rest_route=\/wp\/v2\/posts\/171904\/revisions"}],"wp:featuredmedia":[{"embeddable":true,"href":"https:\/\/diarioregionaldigital.com.br\/index.php?rest_route=\/wp\/v2\/media\/171905"}],"wp:attachment":[{"href":"https:\/\/diarioregionaldigital.com.br\/index.php?rest_route=%2Fwp%2Fv2%2Fmedia&parent=171904"}],"wp:term":[{"taxonomy":"category","embeddable":true,"href":"https:\/\/diarioregionaldigital.com.br\/index.php?rest_route=%2Fwp%2Fv2%2Fcategories&post=171904"},{"taxonomy":"post_tag","embeddable":true,"href":"https:\/\/diarioregionaldigital.com.br\/index.php?rest_route=%2Fwp%2Fv2%2Ftags&post=171904"}],"curies":[{"name":"wp","href":"https:\/\/api.w.org\/{rel}","templated":true}]}}