{"id":171901,"date":"2020-10-27T17:51:46","date_gmt":"2020-10-27T20:51:46","guid":{"rendered":"https:\/\/diarioregionaldigital.com.br\/?p=171901"},"modified":"2020-10-27T17:51:46","modified_gmt":"2020-10-27T20:51:46","slug":"cerca-de-570-candidatos-a-vereador-estao-confirmados-na-corrida-eleitoral-em-juiz-de-fora","status":"publish","type":"post","link":"https:\/\/diarioregionaldigital.com.br\/?p=171901","title":{"rendered":"Cerca de 570 candidatos a vereador, est\u00e3o confirmados na corrida eleitoral em Juiz de Fora"},"content":{"rendered":"<p><span style=\"font-weight: 400;\">Restando menos de um m\u00eas para as Elei\u00e7\u00f5es Municipais 2020, Juiz de Fora tem 569 candidatos a vereador, com candidaturas confirmadas para a corrida eleitoral. Ao todo s\u00e3o 584 postulantes buscando vaga na C\u00e2mara Municipal. As devidas regulariza\u00e7\u00f5es est\u00e3o registadas no portal do Tribunal Superior Eleitoral (TSE).<\/span><\/p>\n<p><span style=\"font-weight: 400;\">O levantamento indica que ainda h\u00e1 15 candidatos que buscam confirma\u00e7\u00e3o de candidatura, sendo que tr\u00eas foram indeferidos, oito aguardam resultados de seus recursos, tr\u00eas renunciaram \u00e0 disputa e um aguarda julgamento da Justi\u00e7a Eleitoral. Confira abaixo a situa\u00e7\u00e3o de cada candidato:<\/span><\/p>\n<p><b>Indeferidos que n\u00e3o entraram com recurso:<\/b><\/p>\n<ul>\n<li style=\"font-weight: 400;\"><span style=\"font-weight: 400;\">Maur\u00edcio Maquinista (PT);<\/span><\/li>\n<li style=\"font-weight: 400;\"><span style=\"font-weight: 400;\">M\u00e9 do Povo (Avante);<\/span><\/li>\n<li style=\"font-weight: 400;\"><span style=\"font-weight: 400;\">Z\u00e9 Lino (Psol);<\/span><\/li>\n<\/ul>\n<p><b>Indeferidos que entraram com recurso:<\/b><\/p>\n<ul>\n<li style=\"font-weight: 400;\"><span style=\"font-weight: 400;\">Adelino (PRTB);<\/span><\/li>\n<li style=\"font-weight: 400;\"><span style=\"font-weight: 400;\">Ailton J\u00fanior (PRTB);<\/span><\/li>\n<li style=\"font-weight: 400;\"><span style=\"font-weight: 400;\">Bira Mattos (DC);<\/span><\/li>\n<li style=\"font-weight: 400;\"><span style=\"font-weight: 400;\">Carlinhos de Benfica (DC);<\/span><\/li>\n<li style=\"font-weight: 400;\"><span style=\"font-weight: 400;\">Marcos Dpvat (PRTB);<\/span><\/li>\n<li style=\"font-weight: 400;\"><span style=\"font-weight: 400;\">Pedro Belmonte (PSD);<\/span><\/li>\n<li style=\"font-weight: 400;\"><span style=\"font-weight: 400;\">Renata Gutierrez (MDB);<\/span><\/li>\n<li style=\"font-weight: 400;\"><span style=\"font-weight: 400;\">Rita da Sa\u00fade (PRTB);<\/span><\/li>\n<\/ul>\n<p><b>Candidatos que renunciaram ao pleito:<\/b><\/p>\n<ul>\n<li style=\"font-weight: 400;\"><span style=\"font-weight: 400;\">Betinho da \u00c1gua Mineral (PC do B);<\/span><\/li>\n<li style=\"font-weight: 400;\"><span style=\"font-weight: 400;\">Luiza Bello (PDT);<\/span><\/li>\n<li style=\"font-weight: 400;\"><span style=\"font-weight: 400;\">Pastor Carlos Bonif\u00e1cio (PTB);<\/span><\/li>\n<\/ul>\n<p><b>Aguarda julgamento:<\/b><\/p>\n<ul>\n<li style=\"font-weight: 400;\"><span style=\"font-weight: 400;\">Mauro Barbosa (DC);<\/span><\/li>\n<\/ul>\n","protected":false},"excerpt":{"rendered":"<p>Restando menos de um m\u00eas para as Elei\u00e7\u00f5es Municipais 2020, Juiz de Fora tem 569 candidatos a vereador, com candidaturas confirmadas para a corrida eleitoral. Ao todo s\u00e3o 584 postulantes buscando vaga na C\u00e2mara Municipal. As devidas regulariza\u00e7\u00f5es est\u00e3o registadas no portal do Tribunal Superior Eleitoral (TSE). O levantamento indica que ainda h\u00e1 15 candidatos [&hellip;]<\/p>\n","protected":false},"author":96,"featured_media":171902,"comment_status":"closed","ping_status":"closed","sticky":false,"template":"","format":"standard","meta":{"footnotes":""},"categories":[436,440,254,439],"tags":[],"class_list":["post-171901","post","type-post","status-publish","format-standard","has-post-thumbnail","hentry","category-destaque-da-semana","category-destaques-do-dia","category-politica","category-ultima-hora"],"_links":{"self":[{"href":"https:\/\/diarioregionaldigital.com.br\/index.php?rest_route=\/wp\/v2\/posts\/171901","targetHints":{"allow":["GET"]}}],"collection":[{"href":"https:\/\/diarioregionaldigital.com.br\/index.php?rest_route=\/wp\/v2\/posts"}],"about":[{"href":"https:\/\/diarioregionaldigital.com.br\/index.php?rest_route=\/wp\/v2\/types\/post"}],"author":[{"embeddable":true,"href":"https:\/\/diarioregionaldigital.com.br\/index.php?rest_route=\/wp\/v2\/users\/96"}],"replies":[{"embeddable":true,"href":"https:\/\/diarioregionaldigital.com.br\/index.php?rest_route=%2Fwp%2Fv2%2Fcomments&post=171901"}],"version-history":[{"count":0,"href":"https:\/\/diarioregionaldigital.com.br\/index.php?rest_route=\/wp\/v2\/posts\/171901\/revisions"}],"wp:featuredmedia":[{"embeddable":true,"href":"https:\/\/diarioregionaldigital.com.br\/index.php?rest_route=\/wp\/v2\/media\/171902"}],"wp:attachment":[{"href":"https:\/\/diarioregionaldigital.com.br\/index.php?rest_route=%2Fwp%2Fv2%2Fmedia&parent=171901"}],"wp:term":[{"taxonomy":"category","embeddable":true,"href":"https:\/\/diarioregionaldigital.com.br\/index.php?rest_route=%2Fwp%2Fv2%2Fcategories&post=171901"},{"taxonomy":"post_tag","embeddable":true,"href":"https:\/\/diarioregionaldigital.com.br\/index.php?rest_route=%2Fwp%2Fv2%2Ftags&post=171901"}],"curies":[{"name":"wp","href":"https:\/\/api.w.org\/{rel}","templated":true}]}}