{"id":171897,"date":"2020-10-27T16:13:00","date_gmt":"2020-10-27T19:13:00","guid":{"rendered":"https:\/\/diarioregionaldigital.com.br\/?p=171897"},"modified":"2020-10-27T16:13:00","modified_gmt":"2020-10-27T19:13:00","slug":"copese-divulga-resultado-dos-pedidos-de-isencao-da-taxa-do-pism-e-vestibular-de-musica","status":"publish","type":"post","link":"https:\/\/diarioregionaldigital.com.br\/?p=171897","title":{"rendered":"Copese divulga resultado dos pedidos de isen\u00e7\u00e3o da taxa do Pism e Vestibular de M\u00fasica"},"content":{"rendered":"<p><span style=\"font-weight: 400;\">A Coordena\u00e7\u00e3o Geral de Processos Seletivos (Copese) divulgou nesta ter\u00e7a-feira (27), o resultado dos pedidos de isen\u00e7\u00e3o das taxas de inscri\u00e7\u00e3o para o Programa de Ingresso Seletivo Misto (Pism) 2021 e o Vestibular de M\u00fasica. Os candidatos podem conferir se tiveram suas solicita\u00e7\u00f5es deferidas ou indeferidas na \u00c1rea do Candidato.<\/span><\/p>\n<p><span style=\"font-weight: 400;\">Ao todo, o Pism 2021 recebeu 11.005 pedido de isen\u00e7\u00e3o, sendo 9.982 deferido e 1.023 indeferidos. Das solicita\u00e7\u00f5es \u00e0 isen\u00e7\u00e3o de taxa no Vestibular de M\u00fasica, 8 foram deferidos e 3 indeferidos. N\u00e3o cabe recurso.<\/span><\/p>\n<p><span style=\"font-weight: 400;\">Veja detalhes na tabela a seguir.<\/span><\/p>\n<table>\n<tbody>\n<tr>\n<td><b>M\u00f3dulo<\/b><\/td>\n<td><b>Deferidos<\/b><\/td>\n<td><b>Indeferidos<\/b><\/td>\n<\/tr>\n<tr>\n<td><span style=\"font-weight: 400;\">Pism I<\/span><\/td>\n<td><span style=\"font-weight: 400;\">3.447<\/span><\/td>\n<td><span style=\"font-weight: 400;\">341<\/span><\/td>\n<\/tr>\n<tr>\n<td><span style=\"font-weight: 400;\">Pism II<\/span><\/td>\n<td><span style=\"font-weight: 400;\">3.648<\/span><\/td>\n<td><span style=\"font-weight: 400;\">456<\/span><\/td>\n<\/tr>\n<tr>\n<td><span style=\"font-weight: 400;\">Pism III<\/span><\/td>\n<td><span style=\"font-weight: 400;\">2.887<\/span><\/td>\n<td><span style=\"font-weight: 400;\">226<\/span><\/td>\n<\/tr>\n<tr>\n<td><span style=\"font-weight: 400;\">Vestibular de M\u00fasica<\/span><\/td>\n<td><span style=\"font-weight: 400;\">8<\/span><\/td>\n<td><span style=\"font-weight: 400;\">3<\/span><\/td>\n<\/tr>\n<tr>\n<td><span style=\"font-weight: 400;\">Total<\/span><\/td>\n<td><span style=\"font-weight: 400;\">9.990<\/span><\/td>\n<td><span style=\"font-weight: 400;\">1.026<\/span><\/td>\n<\/tr>\n<\/tbody>\n<\/table>\n<p><span style=\"font-weight: 400;\">Os candidatos que tiveram seus pedidos deferidos j\u00e1 est\u00e3o devidamente inscritos no processo seletivo. Estes alunos e alunas devem apenas aguardar a emiss\u00e3o do comprovante definitivo de inscri\u00e7\u00e3o, a ser liberado na \u00c1rea do Candidato a partir das 15h do dia 9 de fevereiro de 2021.<\/span><\/p>\n<p><span style=\"font-weight: 400;\">O candidato que teve seu pedido negado precisa gerar a Guia de Recolhimento da Uni\u00e3o (GRU), na \u00c1rea do Candidato, e pagar a taxa de inscri\u00e7\u00e3o, no valor de R$ 120 at\u00e9 o dia 4 de novembro, respeitando o hor\u00e1rio de compensa\u00e7\u00e3o banc\u00e1ria, para que a inscri\u00e7\u00e3o no Pism seja efetivada.<\/span><\/p>\n<p><span style=\"font-weight: 400;\">As inscri\u00e7\u00f5es para o Pism 2021 e para o Vestibular de M\u00fasica seguem at\u00e9 o dia 3 de novembro. Para se inscrever, o aluno deve cadastrar-se na \u00c1rea do Candidato, informando CPF pr\u00f3prio.<\/span><\/p>\n<p><span style=\"font-weight: 400;\">As provas do Pism 2021 ocorrem nos dias 27 e 28 de fevereiro de 2021 para candidatos aos m\u00f3dulos II e III e nos dias 13 e 14 de mar\u00e7o de 2012 para os candidatos ao m\u00f3dulo I. Alunos e alunas que possuem carteira de identidade infantil devem atualizar o documento para apresenta\u00e7\u00e3o no momento da prova.<\/span><\/p>\n<p><strong>Fonte:\u00a0<\/strong>Assessoria<\/p>\n","protected":false},"excerpt":{"rendered":"<p>A Coordena\u00e7\u00e3o Geral de Processos Seletivos (Copese) divulgou nesta ter\u00e7a-feira (27), o resultado dos pedidos de isen\u00e7\u00e3o das taxas de inscri\u00e7\u00e3o para o Programa de Ingresso Seletivo Misto (Pism) 2021 e o Vestibular de M\u00fasica. Os candidatos podem conferir se tiveram suas solicita\u00e7\u00f5es deferidas ou indeferidas na \u00c1rea do Candidato. Ao todo, o Pism 2021 [&hellip;]<\/p>\n","protected":false},"author":96,"featured_media":171899,"comment_status":"closed","ping_status":"closed","sticky":false,"template":"","format":"standard","meta":{"footnotes":""},"categories":[253,436,439],"tags":[],"class_list":["post-171897","post","type-post","status-publish","format-standard","has-post-thumbnail","hentry","category-cidade","category-destaque-da-semana","category-ultima-hora"],"_links":{"self":[{"href":"https:\/\/diarioregionaldigital.com.br\/index.php?rest_route=\/wp\/v2\/posts\/171897","targetHints":{"allow":["GET"]}}],"collection":[{"href":"https:\/\/diarioregionaldigital.com.br\/index.php?rest_route=\/wp\/v2\/posts"}],"about":[{"href":"https:\/\/diarioregionaldigital.com.br\/index.php?rest_route=\/wp\/v2\/types\/post"}],"author":[{"embeddable":true,"href":"https:\/\/diarioregionaldigital.com.br\/index.php?rest_route=\/wp\/v2\/users\/96"}],"replies":[{"embeddable":true,"href":"https:\/\/diarioregionaldigital.com.br\/index.php?rest_route=%2Fwp%2Fv2%2Fcomments&post=171897"}],"version-history":[{"count":0,"href":"https:\/\/diarioregionaldigital.com.br\/index.php?rest_route=\/wp\/v2\/posts\/171897\/revisions"}],"wp:featuredmedia":[{"embeddable":true,"href":"https:\/\/diarioregionaldigital.com.br\/index.php?rest_route=\/wp\/v2\/media\/171899"}],"wp:attachment":[{"href":"https:\/\/diarioregionaldigital.com.br\/index.php?rest_route=%2Fwp%2Fv2%2Fmedia&parent=171897"}],"wp:term":[{"taxonomy":"category","embeddable":true,"href":"https:\/\/diarioregionaldigital.com.br\/index.php?rest_route=%2Fwp%2Fv2%2Fcategories&post=171897"},{"taxonomy":"post_tag","embeddable":true,"href":"https:\/\/diarioregionaldigital.com.br\/index.php?rest_route=%2Fwp%2Fv2%2Ftags&post=171897"}],"curies":[{"name":"wp","href":"https:\/\/api.w.org\/{rel}","templated":true}]}}